{"id":108225,"date":"2020-12-28T10:09:00","date_gmt":"2020-12-28T15:09:00","guid":{"rendered":"https:\/\/linitiative.ca\/International\/bechar-des-chauffeurs-de-taxi-en-greve-bloquent-le-centre-ville\/"},"modified":"2020-12-28T10:09:00","modified_gmt":"2020-12-28T15:09:00","slug":"bechar-des-chauffeurs-de-taxi-en-greve-bloquent-le-centre-ville","status":"publish","type":"post","link":"https:\/\/linitiative.ca\/International\/bechar-des-chauffeurs-de-taxi-en-greve-bloquent-le-centre-ville\/","title":{"rendered":"BECHAR : Des chauffeurs de taxi en gr\u00e8ve bloquent le centre-ville"},"content":{"rendered":"<p><br id=\"sep_para_1\" class=\"sep_para access\"\/><\/p>\n<div id=\"para_1\" class=\"para_40071409 resize\">\n<div class=\"photo shadow left\"><a href=\"javascript:void(0)\" rel=\"https:\/\/www.reflexiondz.net\/photo\/art\/grande\/52630031-40071409.jpg?v=1609170237&amp;ibox\" title=\"BECHAR : Des chauffeurs de taxi en gr\u00e8ve bloquent le centre-ville\"><img decoding=\"async\" class=\"responsive c9\" src=\"https:\/\/www.reflexiondz.net\/photo\/art\/grande\/52630031-40071409.jpg?v=1609170237\" alt=\"BECHAR : Des chauffeurs de taxi en gr\u00e8ve bloquent le centre-ville\" title=\"BECHAR : Des chauffeurs de taxi en gr\u00e8ve bloquent le centre-ville\"\/><img decoding=\"async\" class=\"not-responsive\" src=\"https:\/\/www.reflexiondz.net\/photo\/art\/default\/52630031-40071409.jpg?v=1609170242\" alt=\"BECHAR : Des chauffeurs de taxi en gr\u00e8ve bloquent le centre-ville\" title=\"BECHAR : Des chauffeurs de taxi en gr\u00e8ve bloquent le centre-ville\"\/><\/a><\/div>\n<div class=\"texte access firstletter\">Certains d\u2019entre eux ont mont\u00e9 un piquet de gr\u00e8ve au niveau de l\u2019Avenue du Sahara, plus exactement pr\u00e8s du march\u00e9 couvert pour inciter les autres chauffeurs de taxis en service \u00e0 venir grossir leurs rangs. Ils d\u00e9clarent \u00e0 la presse que cette gr\u00e8ve a \u00e9t\u00e9 organis\u00e9e pour d\u00e9noncer les pressions exerc\u00e9es contre eux dans l\u2019exercice de leur prestation de services. L\u2019un d\u2019entre eux demande \u00e0 ce que les m\u00eames mesures prises dans le cadre de la lutte contre la propagation de la pand\u00e9mie du Coronavirus soient appliqu\u00e9es aux autres moyens de transport urbain tels que Karsans et\u00a0 minibus. \u00ab\u00a0 Les Karsans est minibus, dira-t-il, ne sont nullement sanctionn\u00e9s ni pour le nombre de places, ni pour le port obligatoire du masque. Le conducteur de taxi se voit verbalis\u00e9 pour un passager assis \u00e0 l\u2019avant, pour trois passagers assis sur la banquette arri\u00e8re ou pour un passager ne portant pas de masque. Je ne peux pas refuser mon service \u00e0 un p\u00e8re de famille accompagn\u00e9 de son \u00e9pouse et de ses deux enfants. Or, pour l\u2019agent de l\u2019ordre, poursuivit-t-il, il y a deux sinon trois infractions. Une pour avoir laiss\u00e9 le p\u00e8re s&rsquo;asseoir \u00e0 l\u2019avant, une deuxi\u00e8me parce que son \u00e9pouse et ses deux enfants sont assis ensemble \u00e0 l\u2019arri\u00e8re et peut \u00eatre une troisi\u00e8me infraction si l\u2019un d\u2019entre eux ne porte pas de masque \u00bb. Un autre chauffeur de taxi trouve les tarifications trop basses et demande leur r\u00e9ajustement.<\/div>\n<\/div>\n<p>Auteur: Ahmed Messaoud<br \/>\n<a href=\"https:\/\/www.reflexiondz.net\/BECHAR-Des-chauffeurs-de-taxi-en-greve-bloquent-le-centre-ville_a66913.html\">Cliquez ici pour lire l&rsquo;article depuis sa source.<\/a><\/p>\n","protected":false},"excerpt":{"rendered":"<p>Certains d\u2019entre eux ont mont\u00e9 un piquet de gr\u00e8ve au niveau de l\u2019Avenue du Sahara, plus exactement pr\u00e8s du march\u00e9 couvert pour inciter les autres chauffeurs de taxis en service \u00e0 venir grossir leurs rangs. Ils d\u00e9clarent \u00e0 la presse que cette gr\u00e8ve a \u00e9t\u00e9 organis\u00e9e pour d\u00e9noncer les pressions exerc\u00e9es contre eux dans l\u2019exercice [&hellip;]<\/p>\n","protected":false},"author":1740,"featured_media":0,"comment_status":"closed","ping_status":"closed","sticky":false,"template":"","format":"standard","meta":{"fifu_image_url":"https:\/\/www.reflexiondz.net\/photo\/art\/grande\/52630031-40071409.jpg?v=1609170237","fifu_image_alt":"BECHAR : Des chauffeurs de taxi en gr\u00e8ve bloquent le centre-ville","footnotes":""},"categories":[53,76],"tags":[],"class_list":["post-108225","post","type-post","status-publish","format-standard","hentry","category-algerie","category-regions"],"_links":{"self":[{"href":"https:\/\/linitiative.ca\/International\/wp-json\/wp\/v2\/posts\/108225","targetHints":{"allow":["GET"]}}],"collection":[{"href":"https:\/\/linitiative.ca\/International\/wp-json\/wp\/v2\/posts"}],"about":[{"href":"https:\/\/linitiative.ca\/International\/wp-json\/wp\/v2\/types\/post"}],"author":[{"embeddable":true,"href":"https:\/\/linitiative.ca\/International\/wp-json\/wp\/v2\/users\/1740"}],"replies":[{"embeddable":true,"href":"https:\/\/linitiative.ca\/International\/wp-json\/wp\/v2\/comments?post=108225"}],"version-history":[{"count":0,"href":"https:\/\/linitiative.ca\/International\/wp-json\/wp\/v2\/posts\/108225\/revisions"}],"wp:attachment":[{"href":"https:\/\/linitiative.ca\/International\/wp-json\/wp\/v2\/media?parent=108225"}],"wp:term":[{"taxonomy":"category","embeddable":true,"href":"https:\/\/linitiative.ca\/International\/wp-json\/wp\/v2\/categories?post=108225"},{"taxonomy":"post_tag","embeddable":true,"href":"https:\/\/linitiative.ca\/International\/wp-json\/wp\/v2\/tags?post=108225"}],"curies":[{"name":"wp","href":"https:\/\/api.w.org\/{rel}","templated":true}]}}