{"id":108228,"date":"2020-12-28T11:21:00","date_gmt":"2020-12-28T16:21:00","guid":{"rendered":"https:\/\/linitiative.ca\/International\/2eme-edition-de-fenetres-sur-le-cinema-de-tunisie-un-regard-renouvele-sur-le-cinema-tunisien\/"},"modified":"2020-12-28T11:21:00","modified_gmt":"2020-12-28T16:21:00","slug":"2eme-edition-de-fenetres-sur-le-cinema-de-tunisie-un-regard-renouvele-sur-le-cinema-tunisien","status":"publish","type":"post","link":"https:\/\/linitiative.ca\/International\/2eme-edition-de-fenetres-sur-le-cinema-de-tunisie-un-regard-renouvele-sur-le-cinema-tunisien\/","title":{"rendered":"2\u00e8me \u00e9dition de \u00ab\u00a0Fen\u00eatres sur le cin\u00e9ma de Tunisie\u00a0\u00bb: un regard renouvel\u00e9 sur le cin\u00e9ma tunisien"},"content":{"rendered":"<p>Dans le cadre de leur programme de collaboration culturelle, la D\u00e9l\u00e9gation de la Tunisie aupr\u00e8s de l&rsquo;UNESCO et de l&rsquo;OIF et le Centre National du Cin\u00e9ma et de l&rsquo;Image \u00e0 travers la Cin\u00e9math\u00e8que Tunisienne, ont le plaisir de vous annoncer le lancement de\u00a0 la deuxi\u00e8me \u00e9dition de \u00a0\u00bb Fen\u00eatres sur le cin\u00e9ma de Tunisie\u00a0\u00bb.<\/p>\n<p>Les journ\u00e9es cin\u00e9matographiques \u00ab fen\u00eatres sur le cin\u00e9ma de Tunisie \u00bb se poursuivent en 2020. En d\u00e9pit de la pand\u00e9mie mondiale de Covid 19, nous nous adaptons et nous r\u00e9inventons. Cette ann\u00e9e, l&rsquo;\u00e9dition 2020 des \u00ab fen\u00eatres sur le cin\u00e9ma de Tunisie \u00bb se d\u00e9roulera en ligne, les 29 et 30 d\u00e9cembre 2020, sur la plateforme de streaming tunisienne Artify.tn, \u00e0 l&rsquo;adresse : <a href=\"https:\/\/artify.tn\/ar\/fct\" target=\"_blank\" rel=\"noopener\">https:\/\/artify.tn\/ar\/fct<\/a><\/p>\n<p>Cette deuxi\u00e8me \u00e9dition voudrait offrir aux cin\u00e9philes un panorama d&rsquo;\u0153uvres de longs et de courts m\u00e9trages r\u00e9alis\u00e9es par les cin\u00e9astes tunisiens, jeunes et confirm\u00e9s, pour refl\u00e9ter leur perception du monde qu&rsquo;ils vivent.<\/p>\n<p>Cette nouvelle \u00e9dition souhaite ouvrir une nouvelle fen\u00eatre culturelle internationale sur une Tunisie et un monde en pleine \u00e9volution, avec regard renouvel\u00e9 sur la Tunisie, son art et particuli\u00e8rement, son cin\u00e9ma.<\/p>\n<p>Plus qu&rsquo;un divertissement, cette deuxi\u00e8me \u00e9dition sera une occasion de partager avec le public les valeurs et les principes humanistes v\u00e9hicul\u00e9s et d\u00e9fendus par le cin\u00e9ma tunisien.<\/p>\n<p><a href=\"\/uploads\/FCK_files\/catalogue%20fenetres%20(2)(1).pdf\" target=\"_blank\" rel=\"noopener\">T\u00e9l\u00e9charger document<\/a><\/p>\n<p>Auteur:<br \/>\n<a href=\"https:\/\/www.leaders.com.tn\/article\/31164-2eme-edition-de-fenetres-sur-le-cinema-de-tunisie\">Cliquez ici pour lire l&rsquo;article depuis sa source.<\/a><\/p>\n","protected":false},"excerpt":{"rendered":"<p>Dans le cadre de leur programme de collaboration culturelle, la D\u00e9l\u00e9gation de la Tunisie aupr\u00e8s de l&rsquo;UNESCO et de l&rsquo;OIF et le Centre National du Cin\u00e9ma et de l&rsquo;Image \u00e0 travers la Cin\u00e9math\u00e8que Tunisienne, ont le plaisir de vous annoncer le lancement de\u00a0 la deuxi\u00e8me \u00e9dition de \u00a0\u00bb Fen\u00eatres sur le cin\u00e9ma de Tunisie\u00a0\u00bb. Les [&hellip;]<\/p>\n","protected":false},"author":1772,"featured_media":0,"comment_status":"closed","ping_status":"closed","sticky":false,"template":"","format":"standard","meta":{"fifu_image_url":"","fifu_image_alt":"","footnotes":""},"categories":[73,55],"tags":[],"class_list":["post-108228","post","type-post","status-publish","format-standard","hentry","category-actualite","category-tunisie"],"_links":{"self":[{"href":"https:\/\/linitiative.ca\/International\/wp-json\/wp\/v2\/posts\/108228","targetHints":{"allow":["GET"]}}],"collection":[{"href":"https:\/\/linitiative.ca\/International\/wp-json\/wp\/v2\/posts"}],"about":[{"href":"https:\/\/linitiative.ca\/International\/wp-json\/wp\/v2\/types\/post"}],"author":[{"embeddable":true,"href":"https:\/\/linitiative.ca\/International\/wp-json\/wp\/v2\/users\/1772"}],"replies":[{"embeddable":true,"href":"https:\/\/linitiative.ca\/International\/wp-json\/wp\/v2\/comments?post=108228"}],"version-history":[{"count":0,"href":"https:\/\/linitiative.ca\/International\/wp-json\/wp\/v2\/posts\/108228\/revisions"}],"wp:attachment":[{"href":"https:\/\/linitiative.ca\/International\/wp-json\/wp\/v2\/media?parent=108228"}],"wp:term":[{"taxonomy":"category","embeddable":true,"href":"https:\/\/linitiative.ca\/International\/wp-json\/wp\/v2\/categories?post=108228"},{"taxonomy":"post_tag","embeddable":true,"href":"https:\/\/linitiative.ca\/International\/wp-json\/wp\/v2\/tags?post=108228"}],"curies":[{"name":"wp","href":"https:\/\/api.w.org\/{rel}","templated":true}]}}