{"id":108233,"date":"2020-12-28T05:00:00","date_gmt":"2020-12-28T10:00:00","guid":{"rendered":"https:\/\/linitiative.ca\/International\/relative-accalmie-sur-le-front-des-contaminations\/"},"modified":"2020-12-28T05:00:00","modified_gmt":"2020-12-28T10:00:00","slug":"relative-accalmie-sur-le-front-des-contaminations","status":"publish","type":"post","link":"https:\/\/linitiative.ca\/International\/relative-accalmie-sur-le-front-des-contaminations\/","title":{"rendered":"Relative accalmie sur le front des contaminations"},"content":{"rendered":"<p>Relative stabilit\u00e9 dans le nombre des cas confirm\u00e9s de Covid-19. Le bilan quotidien fait \u00e9tat, depuis quelques jours, d\u2019une l\u00e9g\u00e8re baisse. Elle se ressent au niveau des structures hospitali\u00e8res o\u00f9 les hospitalisations sont en baisse. La vigilance reste, cependant, de mise. Les indicateurs peuvent \u00e0 tout moment repartir \u00e0 la hausse, notamment avec l\u2019approche des f\u00eates de fin d\u2019ann\u00e9e.<br \/>Nawal Im\u00e8s &#8211; Alger (Le Soir) &#8211; Moins de pression sur les structures hospitali\u00e8res, moins de patients hospitalis\u00e9s depuis quelques jours d\u00e9j\u00e0.<br \/>Cela se r\u00e9percute sur les bilans quotidiens \u00e9tablis par le minist\u00e8re de la Sant\u00e9. Depuis plusieurs jours d\u00e9j\u00e0, la courbe fl\u00e9chit apr\u00e8s le pic enregistr\u00e9 vers la mi-novembre.<br \/>Une constatation confirm\u00e9e par le bulletin \u00e9mis par l\u2019Institut national de sant\u00e9 publique (INSP), qui note que, \u00ab globalement, on note une baisse r\u00e9guli\u00e8re des hospitalisations depuis l\u2019enregistrement du second pic \u00e9pid\u00e9mique du 19 novembre \u00bb.<br \/>\u00c0 ce jour, 8 375 patients ont \u00e9t\u00e9 hospitalis\u00e9s \u00e0 travers tout le territoire national, selon la m\u00eame source. Depuis cette date, le nombre d\u2019hospitalisations ne cesse de diminuer.<br \/>Chiffres \u00e0 l\u2019appui, l\u2019INSP assure qu\u2019au cours des quatre derni\u00e8res semaines, le nombre quotidien moyen de patients en structures hospitali\u00e8res \u00e9tait de 7 536,3, 7 081,0 avant de chuter \u00e0 5 972,4 puis 4 848,9, respectivement entre le 20 et le 26 novembre, entre le 27 novembre et le 3 d\u00e9cembre, entre le 4 et le 10 d\u00e9cembre et entre le 11 et le 17 d\u00e9cembre.<br \/>Ainsi, entre la semaine du 20 au 26 novembre et la derni\u00e8re semaine, la baisse est de l\u2019ordre de 35,7%. Le 17 d\u00e9cembre dernier, il a \u00e9t\u00e9 observ\u00e9 le nombre le plus bas d\u2019hospitalisations depuis un mois, avec 4 368 patients, alors que le nombre maximal sur cette m\u00eame p\u00e9riode est enregistr\u00e9 le 28 novembre avec 7 769 patients hospitalis\u00e9s.<br \/>L\u2019INSP en conclut que \u00ab le ralentissement de l\u2019\u00e9pid\u00e9mie amorc\u00e9 fin novembre se poursuit. L\u2019ensemble des indicateurs sont \u00e0 la baisse \u00bb, ajoutant que \u00ab le nombre de nouveaux cas d\u00e9pist\u00e9s est, depuis environ la mi-novembre, inf\u00e9rieur au nombre de cas confirm\u00e9s. Ceci pourrait \u00eatre en rapport avec la mise en circulation d\u2019autres moyens de diagnostics tels que les tests antig\u00e9niques \u00bb.<br \/>En d\u00e9pit de cette tendance, les appels \u00e0 la vigilance restent tout aussi importants.<br \/>Pas question de baisser la garde au moment o\u00f9 beaucoup d\u2019observateurs craignent que les f\u00eates de fin d\u2019ann\u00e9e ne donnent lieu \u00e0 des regroupements propices \u00e0 la cr\u00e9ation de foyers de contamination. Si les fronti\u00e8res demeurent ferm\u00e9es et les d\u00e9placements rendus impossibles, la reprise du trafic a\u00e9rien domestique a redynamis\u00e9 quelque peu le tourisme local.<br \/>Les offres pour des s\u00e9jours dans le sud du pays sont nombreuses. Les agences de voyages, jusque-l\u00e0 en hibernation, ont fait une v\u00e9ritable offensive avant de voir leur \u00e9lan coup\u00e9 par un arr\u00eat\u00e9 du wali de B\u00e9char, intimant l\u2019ordre de fermer l\u2019ensemble des h\u00f4tels se trouvant sur le territoire de la wilaya pendant les f\u00eates. Une d\u00e9cision qui a finalement \u00e9t\u00e9 annul\u00e9e, rendant les d\u00e9placements de nouveau possibles.<br \/>Si les acteurs du secteur du tourisme s\u2019en f\u00e9licitent, les professionnels de la sant\u00e9 retiennent leur souffle, esp\u00e9rant que cet interlude n\u2019aura pas de cons\u00e9quences d\u00e9sastreuses sur la situation \u00e9pid\u00e9miologique.<br \/>N. I.<\/p>\n<p>Auteur:<br \/>\n<a href=\"https:\/\/www.lesoirdalgerie.com\/actualites\/relative-accalmie-sur-le-front-des-contaminations-53762\">Cliquez ici pour lire l&rsquo;article depuis sa source.<\/a><\/p>\n","protected":false},"excerpt":{"rendered":"<p>Relative stabilit\u00e9 dans le nombre des cas confirm\u00e9s de Covid-19. Le bilan quotidien fait \u00e9tat, depuis quelques jours, d\u2019une l\u00e9g\u00e8re baisse. Elle se ressent au niveau des structures hospitali\u00e8res o\u00f9 les hospitalisations sont en baisse. La vigilance reste, cependant, de mise. Les indicateurs peuvent \u00e0 tout moment repartir \u00e0 la hausse, notamment avec l\u2019approche des [&hellip;]<\/p>\n","protected":false},"author":1741,"featured_media":0,"comment_status":"closed","ping_status":"closed","sticky":false,"template":"","format":"standard","meta":{"fifu_image_url":"","fifu_image_alt":"","footnotes":""},"categories":[73,53],"tags":[],"class_list":["post-108233","post","type-post","status-publish","format-standard","hentry","category-actualite","category-algerie"],"_links":{"self":[{"href":"https:\/\/linitiative.ca\/International\/wp-json\/wp\/v2\/posts\/108233","targetHints":{"allow":["GET"]}}],"collection":[{"href":"https:\/\/linitiative.ca\/International\/wp-json\/wp\/v2\/posts"}],"about":[{"href":"https:\/\/linitiative.ca\/International\/wp-json\/wp\/v2\/types\/post"}],"author":[{"embeddable":true,"href":"https:\/\/linitiative.ca\/International\/wp-json\/wp\/v2\/users\/1741"}],"replies":[{"embeddable":true,"href":"https:\/\/linitiative.ca\/International\/wp-json\/wp\/v2\/comments?post=108233"}],"version-history":[{"count":0,"href":"https:\/\/linitiative.ca\/International\/wp-json\/wp\/v2\/posts\/108233\/revisions"}],"wp:attachment":[{"href":"https:\/\/linitiative.ca\/International\/wp-json\/wp\/v2\/media?parent=108233"}],"wp:term":[{"taxonomy":"category","embeddable":true,"href":"https:\/\/linitiative.ca\/International\/wp-json\/wp\/v2\/categories?post=108233"},{"taxonomy":"post_tag","embeddable":true,"href":"https:\/\/linitiative.ca\/International\/wp-json\/wp\/v2\/tags?post=108233"}],"curies":[{"name":"wp","href":"https:\/\/api.w.org\/{rel}","templated":true}]}}