{"id":108235,"date":"2020-12-28T05:00:00","date_gmt":"2020-12-28T10:00:00","guid":{"rendered":"https:\/\/linitiative.ca\/International\/installation-de-la%e2%80%88nouvelle-directrice-de-leducation\/"},"modified":"2020-12-28T05:00:00","modified_gmt":"2020-12-28T10:00:00","slug":"installation-de-la%e2%80%88nouvelle-directrice-de-leducation","status":"publish","type":"post","link":"https:\/\/linitiative.ca\/International\/installation-de-la%e2%80%88nouvelle-directrice-de-leducation\/","title":{"rendered":"Installation de la\u2008nouvelle directrice de l\u2019\u00e9ducation"},"content":{"rendered":"<div class=\"item-container\" readability=\"8.7857142857143\"><a href=\"\/regions\/le-cnapeste-appelle-a-une-greve-le-4-janvier-53749\"\/><\/p>\n<div class=\"picture\"><img decoding=\"async\" src=\"\/data\/images\/article\/thumbs\/ls-53749le-cnapeste-appelle-a-une-greve-le-4-janvier-ffb64.jpg\"\/><\/div>\n<div class=\"description\" readability=\"12.690476190476\">\n<p><a href=\"\/regions\/le-cnapeste-appelle-a-une-greve-le-4-janvier-53749\"\/><\/p>\n<p>BOUMERD\u00c8S<\/p>\n<p><a href=\"\/regions\/le-cnapeste-appelle-a-une-greve-le-4-janvier-53749\"\/><\/p>\n<p>Le Cnapeste appelle \u00e0 une gr\u00e8ve le 4 janvier<\/p>\n<p class=\"text\">Le Conseil r\u00e9gional du Cnapeste (Conseil national autonome du personnel enseignant du secteur ternaire de l\u2019\u00e9ducation) qui a regroup\u00e9 150 membres s\u2019est r\u00e9uni les 21, 22 et 23 d\u00e9cembre en session ordinaire. \u00c0 l\u2019issue de son conclave, cette<\/p>\n<\/div>\n<\/div>\n<div class=\"item-container\" readability=\"7.8066465256798\"><a href=\"\/regions\/premiers-essais-de-circulation-du-tramway-53755\"\/><\/p>\n<div class=\"picture\"><img decoding=\"async\" src=\"\/data\/images\/article\/thumbs\/ls-53755premiers-essais-de-circulation-du-tramway-1cb53.jpg\"\/><\/div>\n<div class=\"description\" readability=\"10.73413897281\">\n<p><a href=\"\/regions\/premiers-essais-de-circulation-du-tramway-53755\"\/><\/p>\n<p>Mostaganem<\/p>\n<p><a href=\"\/regions\/premiers-essais-de-circulation-du-tramway-53755\"\/><\/p>\n<p>Premiers essais de circulation du tramway<\/p>\n<p class=\"text\">Il ne manquait finalement que des passagers. Les premiers essais r\u00e9alis\u00e9s pour le futur tramway ont pu donner l&rsquo;impression \u00e0 ceux qui ont vu la rame circuler qu&rsquo;il roulait pour de bon. Il n&rsquo;en est rien pour l&rsquo;instant : il s&rsquo;agit seulement de tests<\/p>\n<\/div>\n<\/div>\n<div class=\"item-container\" readability=\"8.2957957957958\"><a href=\"\/regions\/fraude-et-escroquerie-sur-site-electronique-53756\"\/><\/p>\n<div class=\"picture\"><img decoding=\"async\" src=\"\/data\/images\/article\/thumbs\/ls-53756fraude-et-escroquerie-sur-site-electronique-3908f.jpg\"\/><\/div>\n<div class=\"description\" readability=\"11.711711711712\">\n<p><a href=\"\/regions\/fraude-et-escroquerie-sur-site-electronique-53756\"\/><\/p>\n<p>TIPASA<\/p>\n<p><a href=\"\/regions\/fraude-et-escroquerie-sur-site-electronique-53756\"\/><\/p>\n<p>Fraude et escroquerie sur site \u00e9lectronique<\/p>\n<p class=\"text\">Selon les services de police de la wilaya de Tipasa, deux escrocs ont \u00e9t\u00e9 mis hors d\u2019\u00e9tat de nuire. Ces derniers utilisaient le site alg\u00e9rien de commerce en ligne \u00ab Oued Kniss \u00bb pour escroquer des citoyens et leur soutirer d\u2019importantes sommes<\/p>\n<\/div>\n<\/div>\n<div class=\"item-container\" readability=\"9.2790697674419\"><a href=\"\/regions\/les-pluies-mettent-a-nu-letat-des-routes-53750\"\/><\/p>\n<div class=\"picture\"><img decoding=\"async\" src=\"\/data\/images\/article\/thumbs\/ls-53750les-pluies-mettent-a-nu-letat-des-routes-46c76.jpg\"\/><\/div>\n<div class=\"description\" readability=\"13.674418604651\">\n<p><a href=\"\/regions\/les-pluies-mettent-a-nu-letat-des-routes-53750\"\/><\/p>\n<p>El-Tarf<\/p>\n<p><a href=\"\/regions\/les-pluies-mettent-a-nu-letat-des-routes-53750\"\/><\/p>\n<p>Les pluies mettent \u00e0 nu l\u2019\u00e9tat des routes<\/p>\n<p class=\"text\">Les pluies diluviennes qui se sont abattues sur la wilaya d\u2019El-Tarf, qui ont atteint 50 mm, ont mis \u00e0 nu les imperfections dans la r\u00e9alisation d\u2019une multitude de routes \u00e0 l\u2019int\u00e9rieur des tissus urbains. Dans la commune de A\u00efn-el-Karma, des citoyens en<\/p>\n<\/div>\n<\/div>\n<div class=\"item-nopic-container description\" readability=\"12.723404255319\">\n<p><a href=\"\/regions\/installation-de-la%E2%80%88nouvelle-directrice-de-leducation-53760\"\/><\/p>\n<p>Br\u00e8ves de Tlemcen<\/p>\n<p><a href=\"\/regions\/installation-de-la%E2%80%88nouvelle-directrice-de-leducation-53760\"\/><\/p>\n<p>Installation de la\u2008nouvelle directrice de l\u2019\u00e9ducation<\/p>\n<p class=\"text\">Mme Houria Bekkouche a \u00e9t\u00e9 install\u00e9e mercredi \u00e0 la t\u00eate de la Direction de l\u2019\u00e9ducation, en remplacement de Aifa Belkacem, mut\u00e9 \u00e0 la wilaya de Skikda pour occuper le m\u00eame poste. La c\u00e9r\u00e9monie d\u2019installation a eu lieu en pr\u00e9sence de l\u2019inspecteur g\u00e9n\u00e9ral<\/p>\n<\/div>\n<div class=\"item-nopic-container description\" readability=\"12.73264781491\">\n<p><a href=\"\/regions\/plus-de-4-500-bonbonnes-de-gaz-butane-b13-sont-exportees-quotidiennement-vers-la-tunisie-53759\"\/><\/p>\n<p>T\u00e9bessa<\/p>\n<p><a href=\"\/regions\/plus-de-4-500-bonbonnes-de-gaz-butane-b13-sont-exportees-quotidiennement-vers-la-tunisie-53759\"\/><\/p>\n<p>Plus de 4 500 bonbonnes de gaz butane \u00abB13\u00bb sont export\u00e9es quotidiennement vers la Tunisie<\/p>\n<p class=\"text\">Plus de 4 500 bonbonnes de gaz butane \u00abB13\u00bb sont export\u00e9es quotidiennement vers la Tunisie via le poste frontalier de Bouchebka, \u00e0 35 km \u00e0 l&rsquo;est du chef-lieu de la wilaya. C&rsquo;est \u00e0 partir des trois mini-centres d&rsquo;enf\u00fbtage (MCE) de gaz butane, \u00e0 savoir<\/p>\n<\/div>\n<div class=\"item-nopic-container description\" readability=\"12.689552238806\">\n<p><a href=\"\/regions\/une-bande-de-malfaiteurs-neutralises-53758\"\/><\/p>\n<p>M\u00e9d\u00e9a<\/p>\n<p><a href=\"\/regions\/une-bande-de-malfaiteurs-neutralises-53758\"\/><\/p>\n<p>Une bande de malfaiteurs neutralis\u00e9s<\/p>\n<p class=\"text\">Dans le cadre de la lutte contre la violence dans les quartiers, un ph\u00e9nom\u00e8ne qui prend de l&rsquo;ampleur et en application du \u00abPlan de patrouilles\u00bb, la Gendarmerie de M\u00e9d\u00e9a vient de mettre la main sur une bande de malfaiteurs dans la ville de Ksar-el-Boukhari<\/p>\n<\/div>\n<div class=\"item-nopic-container description\" readability=\"17.597765363128\">\n<p><a href=\"\/regions\/des-campeurs-en-montagne-secourus-par%E2%80%88la%E2%80%88protection-civile-53757\"\/><\/p>\n<p>Mila<\/p>\n<p><a href=\"\/regions\/des-campeurs-en-montagne-secourus-par%E2%80%88la%E2%80%88protection-civile-53757\"\/><\/p>\n<p>Des campeurs en montagne secourus par\u2008la\u2008Protection civile<\/p>\n<p class=\"text\">Un groupe de campeurs \u00e9tablis sur les berges du lac Oum-Lahnache, dans la commune montagneuse de Tassadane-Haddada, ont \u00e9t\u00e9 \u00e9vacu\u00e9s, ce dimanche \u00e0 l\u2019aube, par les \u00e9l\u00e9ments de la Protection civile. Les touristes, au nombre de 7, ont lanc\u00e9 des SOS, vers<\/p>\n<\/div>\n<div class=\"item-nopic-container description\" readability=\"11.726495726496\">\n<p><a href=\"\/regions\/1-mort-et-4-blesses-dans-un-accident-de-la-route-53754\"\/><\/p>\n<p>TIMIMOUN<\/p>\n<p><a href=\"\/regions\/1-mort-et-4-blesses-dans-un-accident-de-la-route-53754\"\/><\/p>\n<p>1 mort et 4 bless\u00e9s dans un accident de la route<\/p>\n<p class=\"text\">Un accident de la route a caus\u00e9 la mort d\u2019une personne et de graves blessures \u00e0 quatre autres. Le drame s\u2019est produit sur la RN118 \u00e0 20 km de la commune de Tinerkouk vers Timimoun, quand deux v\u00e9hicules l\u00e9gers sont entr\u00e9s en collision. Toutes les victimes<\/p>\n<\/div>\n<div class=\"item-nopic-container description\" readability=\"13.656441717791\">\n<p><a href=\"\/regions\/distribution-de-437-logements-lpl-53753\"\/><\/p>\n<p>A\u00cfN-SEFRA<\/p>\n<p><a href=\"\/regions\/distribution-de-437-logements-lpl-53753\"\/><\/p>\n<p>Distribution de 437 logements LPL<\/p>\n<p class=\"text\">La liste des b\u00e9n\u00e9ficiaires de logements a \u00e9t\u00e9 rendue publique \u00e0 A\u00efn-S\u00e9fra. Cette fois-ci, en plus de l\u2019affiliation, l\u2019affichage des photos des postulants. 437 logements de type LPL ont \u00e9t\u00e9 distribu\u00e9s \u00e0 leurs b\u00e9n\u00e9ficiaires, alors que 225<\/p>\n<\/div>\n<p><span id=\"loader\" class=\"c5\"><img decoding=\"async\" src=\"\/themes\/frontend\/img\/doublering.svg\" class=\"c4\"\/><\/span><\/p>\n<p><span>Afficher plus d&rsquo;articles<\/span><\/p>\n<p><input type=\"hidden\" value=\"1\" name=\"page\" id=\"page\"\/><br \/>\nAuteur:<br \/>\n<a href=\"https:\/\/www.lesoirdalgerie.com\/regions\/installation-de-la%E2%80%88nouvelle-directrice-de-leducation-53760\">Cliquez ici pour lire l&rsquo;article depuis sa source.<\/a><\/p>\n","protected":false},"excerpt":{"rendered":"<p>BOUMERD\u00c8S Le Cnapeste appelle \u00e0 une gr\u00e8ve le 4 janvier Le Conseil r\u00e9gional du Cnapeste (Conseil national autonome du personnel enseignant du secteur ternaire de l\u2019\u00e9ducation) qui a regroup\u00e9 150 membres s\u2019est r\u00e9uni les 21, 22 et 23 d\u00e9cembre en session ordinaire. \u00c0 l\u2019issue de son conclave, cette Mostaganem Premiers essais de circulation du tramway [&hellip;]<\/p>\n","protected":false},"author":1741,"featured_media":0,"comment_status":"closed","ping_status":"closed","sticky":false,"template":"","format":"standard","meta":{"fifu_image_url":"\/data\/images\/article\/thumbs\/ls-53749le-cnapeste-appelle-a-une-greve-le-4-janvier-ffb64.jpg","fifu_image_alt":"Installation de la\u2008nouvelle directrice de l\u2019\u00e9ducation","footnotes":""},"categories":[73,53],"tags":[],"class_list":["post-108235","post","type-post","status-publish","format-standard","hentry","category-actualite","category-algerie"],"_links":{"self":[{"href":"https:\/\/linitiative.ca\/International\/wp-json\/wp\/v2\/posts\/108235","targetHints":{"allow":["GET"]}}],"collection":[{"href":"https:\/\/linitiative.ca\/International\/wp-json\/wp\/v2\/posts"}],"about":[{"href":"https:\/\/linitiative.ca\/International\/wp-json\/wp\/v2\/types\/post"}],"author":[{"embeddable":true,"href":"https:\/\/linitiative.ca\/International\/wp-json\/wp\/v2\/users\/1741"}],"replies":[{"embeddable":true,"href":"https:\/\/linitiative.ca\/International\/wp-json\/wp\/v2\/comments?post=108235"}],"version-history":[{"count":0,"href":"https:\/\/linitiative.ca\/International\/wp-json\/wp\/v2\/posts\/108235\/revisions"}],"wp:attachment":[{"href":"https:\/\/linitiative.ca\/International\/wp-json\/wp\/v2\/media?parent=108235"}],"wp:term":[{"taxonomy":"category","embeddable":true,"href":"https:\/\/linitiative.ca\/International\/wp-json\/wp\/v2\/categories?post=108235"},{"taxonomy":"post_tag","embeddable":true,"href":"https:\/\/linitiative.ca\/International\/wp-json\/wp\/v2\/tags?post=108235"}],"curies":[{"name":"wp","href":"https:\/\/api.w.org\/{rel}","templated":true}]}}