{"id":108241,"date":"2020-12-28T16:08:46","date_gmt":"2020-12-28T21:08:46","guid":{"rendered":"https:\/\/linitiative.ca\/International\/tunisie-covid19-ce-quils-sont-en-train-de-faire-est-assimilable-a-lhomicide-par-negligence\/"},"modified":"2020-12-28T16:08:46","modified_gmt":"2020-12-28T21:08:46","slug":"tunisie-covid19-ce-quils-sont-en-train-de-faire-est-assimilable-a-lhomicide-par-negligence","status":"publish","type":"post","link":"https:\/\/linitiative.ca\/International\/tunisie-covid19-ce-quils-sont-en-train-de-faire-est-assimilable-a-lhomicide-par-negligence\/","title":{"rendered":"Tunisie \u2013 Covid19\u00a0: Ce qu\u2019ils sont en train de faire est assimilable \u00e0 l\u2019homicide par n\u00e9gligence"},"content":{"rendered":"<div class=\"post-cont-in left relative\">\n<div id=\"post-info-wrap\" class=\"left relative post-info-out\">\n<div class=\"post-info-img left relative\"><img loading=\"lazy\" decoding=\"async\" alt=\"\" src=\"https:\/\/secure.gravatar.com\/avatar\/96253f4a657b482a18e837c1252096c2?s=50&amp;d=mm&amp;r=g\" srcset=\"https:\/\/secure.gravatar.com\/avatar\/96253f4a657b482a18e837c1252096c2?s=100&amp;d=mm&amp;r=g 2x\" class=\"avatar avatar-50 photo\" height=\"50\" width=\"50\"\/><\/div>\n<div class=\"post-info-in\">\n<div class=\"post-info-right left relative post-info-name left relative\"><span><span class=\"post-info-text\">Par<\/span> <span class=\"author-name vcard fn author\"><a href=\"https:\/\/www.tunisienumerique.com\/author\/saber\/\" title=\"Articles par Saber .\" rel=\"author\">Saber .<\/a><\/span><\/span> <span class=\"post-date updated\"><time class=\"post-date updated\" datetime=\"2020-12-28\">\u00a0| Il y a 1 heure<\/time><\/span><\/div>\n<div class=\"left relative\"><button id=\"listenButton1\" class=\"responsivevoice-button\" type=\"button\" value=\"Play\" title=\"&#xC9;coutez l'article\"><span>\ud83d\udd0a \u00c9coutez l&rsquo;article<\/span><\/button> <\/div>\n<\/div>\n<\/div>\n<p>Les chiffres n\u2019ont d\u00e9cid\u00e9ment rien de rassurant. Chaque jour qui passe, nous ram\u00e8ne des chiffres plus catastrophiques. Des chiffres publi\u00e9s par les services du minist\u00e8re de la Sant\u00e9, comme \u00e7\u00e0 de fa\u00e7on froide sans la moindre annotation et sans que \u00e7\u00e0 les fasse tiquer sur les raisons de cette situation qui ne cesse d\u2019empirer.<\/p>\n<div class=\"code-block code-block-1 c4\"><ins class=\"adsbygoogle c3\" data-ad-layout=\"in-article\" data-ad-format=\"fluid\" data-ad-client=\"ca-pub-2102118777505746\" data-ad-slot=\"7301775417\"\/> <\/div>\n<p>Ce qui est en train de se passer en Tunisie, c\u2019est que les responsables de la gestion de la pand\u00e9mie au niveau du minist\u00e8re de la Sant\u00e9 sont incomp\u00e9tents et refusent de l\u2019admettre. Le r\u00e9sultat de leur incomp\u00e9tence est sans appel : Des morts chaque jour qui auraient pu \u00eatre, pour la plupart \u00e9vit\u00e9es. Mais on dirait que la vie du tunisien ne vaut, malheureusement, plus rien.<\/p>\n<p>Si tout le monde est d\u2019accord sur le fait que le ministre de la Sant\u00e9 n\u2019est nullement \u00e0 sa place et qu\u2019il a, ainsi que ses collaborateurs, donn\u00e9 tout ce qu\u2019il pouvait, sans aucun r\u00e9sultat, on ne peut que d\u00e9plorer l\u2019inertie de ses chefs, essentiellement, la pr\u00e9sidence du gouvernement qui laisse faire et n\u2019entreprend rien pour mettre un terme \u00e0 l\u2019h\u00e9catombe. Ne savent-ils pas qu\u2019ils se rendent de cette fa\u00e7on complices, voire\u00a0 principaux acteurs, de ce qui est qualifiable de meurtre par n\u00e9gligence ? Meurtre de centaines et de centaines de tunisiens. Ne savent-ils pas que viendra le jour o\u00f9 ils devront rendre compte de leur passivit\u00e9 face \u00e0 la souffrance et \u00e0 la mort des tunisiens, dont ils sont les premiers responsables ?<\/p>\n<p>Car il faut se mettre d\u2019accord sur le fait que ce qui se passe en Tunisie n\u2019est pas une fatalit\u00e9. Il suffirait de voir comment \u00e7\u00e0 sa passe ailleurs, y compris dans les pays fr\u00e8res voisins et il suffirait de se rappeler comme \u00e7\u00e0 a \u00e9t\u00e9 g\u00e9r\u00e9 en Tunisie, m\u00eame, quand il y avait des gens comp\u00e9tents \u00e0 la t\u00eate du minist\u00e8re de la Sant\u00e9, pour se rendre compte qu\u2019il s\u2019agit l\u00e0, de gravissimes d\u00e9faillances dont il va falloir, un jour, rendre compte !<\/p>\n<p>Et ce n\u2019est pas fini\u00a0! Car en plus de la mauvaise gestion du dossier de la pand\u00e9mie sur le plan du d\u00e9pistage et de la prise en charge pr\u00e9coce des patients, qui constituent les principales d\u00e9faillances, le pire reste \u00e0 venir.<\/p>\n<p>Le pire concernera le vaccin anti Covid. En effet, il va falloir trouver le moyen d\u2019expliquer aux tunisiens pour quelle raison ils n\u2019ont pas de vaccins avant le mois de juillet et qu\u2019ils n\u2019en auront, de toutes les fa\u00e7ons, jamais suffisamment, alors que leurs voisins en Alg\u00e9rie et au Maroc vont commencer les campagnes de vaccination dans quelques jours.<\/p>\n<p>En attendant, tous ceux qui se seront rendus coupables de cette mascarade, ne serait-ce que par l\u2019absence de r\u00e9action, seront responsables devant la loi et devant Dieu, des milliers d\u2019\u00e2mes de tunisiens qui ont \u00e9t\u00e9 et seront sacrifi\u00e9s sur l\u2019autel de la m\u00e9diocrit\u00e9 et l\u2019incomp\u00e9tence !<\/p>\n<div class=\"swp_social_panel swp_horizontal_panel swp_flat_fresh swp_default_full_color swp_individual_full_color swp_other_full_color scale-100 scale-\" data-min-width=\"1100\" data-float-color=\"#ffffff\" data-float=\"bottom\" data-float-mobile=\"bottom\" data-transition=\"slide\">\n<div class=\"nc_tweetContainer swp_share_button total_shares total_sharesalt\"><span class=\"swp_count\">3 <span class=\"swp_label\">Partages<\/span><\/span><\/div>\n<\/div>\n<p><strong>Que se passe-t-il en Tunisie?<\/strong><br \/>Nous expliquons sur notre <a href=\"https:\/\/www.youtube.com\/channel\/UCRzypVq0B_yBad5eGrwBx0Q?sub_confirmation=1\" target=\"_blank\" rel=\"noopener\">cha\u00eene YouTube<\/a> . <a href=\"https:\/\/www.youtube.com\/channel\/UCRzypVq0B_yBad5eGrwBx0Q?sub_confirmation=1\" target=\"_blank\" rel=\"noopener\">Abonnez-vous!<\/a><\/p>\n<div class=\"mvp-org-wrap mvp-org-logo\" itemprop=\"publisher\"><img decoding=\"async\" src=\"https:\/\/www.tunisienumerique.com\/wp-content\/uploads\/2017\/02\/logo_tunisie_numerique.png\"\/><\/div>\n<div class=\"mvp-related-posts left relative\">\n<h4 class=\"post-header\"><span class=\"post-header\">Lire aussi<\/span><\/h4>\n<\/div>\n<div id=\"article-ad\"><ins class=\"adsbygoogle c5\" data-ad-client=\"ca-pub-2102118777505746\" data-ad-slot=\"6513972734\" data-ad-format=\"auto\" data-full-width-responsive=\"true\"\/> <\/div>\n<\/div>\n<div id=\"post-sidebar-wrap\"><ins class=\"adsbygoogle c5\" data-ad-client=\"ca-pub-2102118777505746\" data-ad-slot=\"6168283410\" data-ad-format=\"auto\" data-full-width-responsive=\"true\"\/> <\/div>\n<p>Auteur: Saber .<br \/>\n<a href=\"https:\/\/www.tunisienumerique.com\/tunisie-covid19-ce-quils-sont-en-train-de-faire-est-assimilable-a-lhomicide-par-negligence\/\">Cliquez ici pour lire l&rsquo;article depuis sa source.<\/a><\/p>\n","protected":false},"excerpt":{"rendered":"<p>Par Saber . \u00a0| Il y a 1 heure \ud83d\udd0a \u00c9coutez l&rsquo;article Les chiffres n\u2019ont d\u00e9cid\u00e9ment rien de rassurant. Chaque jour qui passe, nous ram\u00e8ne des chiffres plus catastrophiques. Des chiffres publi\u00e9s par les services du minist\u00e8re de la Sant\u00e9, comme \u00e7\u00e0 de fa\u00e7on froide sans la moindre annotation et sans que \u00e7\u00e0 les fasse [&hellip;]<\/p>\n","protected":false},"author":1789,"featured_media":0,"comment_status":"closed","ping_status":"closed","sticky":false,"template":"","format":"standard","meta":{"fifu_image_url":"https:\/\/secure.gravatar.com\/avatar\/96253f4a657b482a18e837c1252096c2?s=50&d=mm&r=g","fifu_image_alt":"Tunisie \u2013 Covid19\u00a0: Ce qu\u2019ils sont en train de faire est assimilable \u00e0 l\u2019homicide par n\u00e9gligence","footnotes":""},"categories":[73,55],"tags":[],"class_list":["post-108241","post","type-post","status-publish","format-standard","hentry","category-actualite","category-tunisie"],"_links":{"self":[{"href":"https:\/\/linitiative.ca\/International\/wp-json\/wp\/v2\/posts\/108241","targetHints":{"allow":["GET"]}}],"collection":[{"href":"https:\/\/linitiative.ca\/International\/wp-json\/wp\/v2\/posts"}],"about":[{"href":"https:\/\/linitiative.ca\/International\/wp-json\/wp\/v2\/types\/post"}],"author":[{"embeddable":true,"href":"https:\/\/linitiative.ca\/International\/wp-json\/wp\/v2\/users\/1789"}],"replies":[{"embeddable":true,"href":"https:\/\/linitiative.ca\/International\/wp-json\/wp\/v2\/comments?post=108241"}],"version-history":[{"count":0,"href":"https:\/\/linitiative.ca\/International\/wp-json\/wp\/v2\/posts\/108241\/revisions"}],"wp:attachment":[{"href":"https:\/\/linitiative.ca\/International\/wp-json\/wp\/v2\/media?parent=108241"}],"wp:term":[{"taxonomy":"category","embeddable":true,"href":"https:\/\/linitiative.ca\/International\/wp-json\/wp\/v2\/categories?post=108241"},{"taxonomy":"post_tag","embeddable":true,"href":"https:\/\/linitiative.ca\/International\/wp-json\/wp\/v2\/tags?post=108241"}],"curies":[{"name":"wp","href":"https:\/\/api.w.org\/{rel}","templated":true}]}}