{"id":108242,"date":"2020-12-28T16:09:14","date_gmt":"2020-12-28T21:09:14","guid":{"rendered":"https:\/\/linitiative.ca\/International\/tunisie-disparition-de-mahmoud-thabet-le-ministere-de-linterieur-revele-de-nouvelles-informations\/"},"modified":"2020-12-28T16:09:14","modified_gmt":"2020-12-28T21:09:14","slug":"tunisie-disparition-de-mahmoud-thabet-le-ministere-de-linterieur-revele-de-nouvelles-informations","status":"publish","type":"post","link":"https:\/\/linitiative.ca\/International\/tunisie-disparition-de-mahmoud-thabet-le-ministere-de-linterieur-revele-de-nouvelles-informations\/","title":{"rendered":"Tunisie-Disparition de Mahmoud Thabet: Le minist\u00e8re de l\u2019Int\u00e9rieur r\u00e9v\u00e8le de nouvelles informations"},"content":{"rendered":"<div class=\"post-cont-in left relative\">\n<div id=\"post-info-wrap\" class=\"left relative post-info-out\">\n<div class=\"post-info-img left relative\"><img loading=\"lazy\" decoding=\"async\" alt=\"\" src=\"https:\/\/secure.gravatar.com\/avatar\/ea481d7287ad38ca1787f44b5bb1b70e?s=50&amp;d=mm&amp;r=g\" srcset=\"https:\/\/secure.gravatar.com\/avatar\/ea481d7287ad38ca1787f44b5bb1b70e?s=100&amp;d=mm&amp;r=g 2x\" class=\"avatar avatar-50 photo\" height=\"50\" width=\"50\"\/><\/div>\n<div class=\"post-info-in\">\n<div class=\"post-info-right left relative post-info-name left relative\"><span><span class=\"post-info-text\">Par<\/span> <span class=\"author-name vcard fn author\"><a href=\"https:\/\/www.tunisienumerique.com\/author\/rania-ben-slimane\/\" title=\"Articles par rania ben slimane\" rel=\"author\">rania ben slimane<\/a><\/span><\/span> <span class=\"post-date updated\"><time class=\"post-date updated\" datetime=\"2020-12-28\">\u00a0| Il y a 1 heure<\/time><\/span><\/div>\n<div class=\"left relative\"><button id=\"listenButton1\" class=\"responsivevoice-button\" type=\"button\" value=\"Play\" title=\"&#xC9;coutez l'article\"><span>\ud83d\udd0a \u00c9coutez l&rsquo;article<\/span><\/button> <\/div>\n<\/div>\n<\/div>\n<p>Suite \u00e0 la disparition du citoyen \u00abMahmoud Thabet\u00bb, le minist\u00e8re de l\u2019Int\u00e9rieur a annonc\u00e9, le 28 d\u00e9cembre 2020, qu\u2019une voiture a \u00e9t\u00e9 retrouv\u00e9e ce soir, dans un canal adjacent \u00e0 la route nationale n\u00b0 09.<\/p>\n<div class=\"code-block code-block-1 c4\"><ins class=\"adsbygoogle c3\" data-ad-layout=\"in-article\" data-ad-format=\"fluid\" data-ad-client=\"ca-pub-2102118777505746\" data-ad-slot=\"7301775417\"\/> <\/div>\n<p>Une \u00e9quipe de secours, accompagn\u00e9e d\u2019une \u00e9quipe de plong\u00e9e affili\u00e9e \u00e0 l\u2019Office National de la Protection Civile, charg\u00e9e d\u2019effectuer les fouilles dans l\u2019eau ont d\u00e9couvert un corps humain \u00e0 l\u2019int\u00e9rieur de la voiture. Les proc\u00e9dures d\u2019identification de son propri\u00e9taire ont eu lieu plus tard, pr\u00e9cisant que les \u00e9quipes de secours ont retir\u00e9 le v\u00e9hicule du canal. La plaque d\u2019immatriculation, prouve qu\u2019il appartient au p\u00e8re du disparu.<\/p>\n<p>Des donn\u00e9es pr\u00e9liminaires indiquent que le corps retrouv\u00e9 dans la voiture est celui du jeune Mahmoud Thabet.<\/p>\n<p>La d\u00e9pouille a \u00e9t\u00e9 confi\u00e9e au m\u00e9decin l\u00e9giste pour les besoins de l\u2019autopsie.<\/p>\n<div class=\"swp_social_panel swp_horizontal_panel swp_flat_fresh swp_default_full_color swp_individual_full_color swp_other_full_color scale-100 scale-\" data-min-width=\"1100\" data-float-color=\"#ffffff\" data-float=\"bottom\" data-float-mobile=\"bottom\" data-transition=\"slide\">\n<div class=\"nc_tweetContainer swp_share_button total_shares total_sharesalt\"><span class=\"swp_count\">18 <span class=\"swp_label\">Partages<\/span><\/span><\/div>\n<\/div>\n<p><strong>Que se passe-t-il en Tunisie?<\/strong><br \/>Nous expliquons sur notre <a href=\"https:\/\/www.youtube.com\/channel\/UCRzypVq0B_yBad5eGrwBx0Q?sub_confirmation=1\" target=\"_blank\" rel=\"noopener\">cha\u00eene YouTube<\/a> . <a href=\"https:\/\/www.youtube.com\/channel\/UCRzypVq0B_yBad5eGrwBx0Q?sub_confirmation=1\" target=\"_blank\" rel=\"noopener\">Abonnez-vous!<\/a><\/p>\n<div class=\"mvp-org-wrap mvp-org-logo\" itemprop=\"publisher\"><img decoding=\"async\" src=\"https:\/\/www.tunisienumerique.com\/wp-content\/uploads\/2017\/02\/logo_tunisie_numerique.png\"\/><\/div>\n<div class=\"mvp-related-posts left relative\">\n<h4 class=\"post-header\"><span class=\"post-header\">Lire aussi<\/span><\/h4>\n<\/div>\n<div id=\"article-ad\"><ins class=\"adsbygoogle c5\" data-ad-client=\"ca-pub-2102118777505746\" data-ad-slot=\"6513972734\" data-ad-format=\"auto\" data-full-width-responsive=\"true\"\/> <\/div>\n<\/div>\n<div id=\"post-sidebar-wrap\"><ins class=\"adsbygoogle c5\" data-ad-client=\"ca-pub-2102118777505746\" data-ad-slot=\"6168283410\" data-ad-format=\"auto\" data-full-width-responsive=\"true\"\/> <\/div>\n<p>Auteur: rania ben slimane<br \/>\n<a href=\"https:\/\/www.tunisienumerique.com\/tunisie-disparition-de-mahmoud-thabet-le-ministere-de-linterieur-revele-de-nouvelles-informations\/\">Cliquez ici pour lire l&rsquo;article depuis sa source.<\/a><\/p>\n","protected":false},"excerpt":{"rendered":"<p>Par rania ben slimane \u00a0| Il y a 1 heure \ud83d\udd0a \u00c9coutez l&rsquo;article Suite \u00e0 la disparition du citoyen \u00abMahmoud Thabet\u00bb, le minist\u00e8re de l\u2019Int\u00e9rieur a annonc\u00e9, le 28 d\u00e9cembre 2020, qu\u2019une voiture a \u00e9t\u00e9 retrouv\u00e9e ce soir, dans un canal adjacent \u00e0 la route nationale n\u00b0 09. Une \u00e9quipe de secours, accompagn\u00e9e d\u2019une \u00e9quipe [&hellip;]<\/p>\n","protected":false},"author":1789,"featured_media":0,"comment_status":"closed","ping_status":"closed","sticky":false,"template":"","format":"standard","meta":{"fifu_image_url":"https:\/\/secure.gravatar.com\/avatar\/ea481d7287ad38ca1787f44b5bb1b70e?s=50&d=mm&r=g","fifu_image_alt":"Tunisie-Disparition de Mahmoud Thabet: Le minist\u00e8re de l\u2019Int\u00e9rieur r\u00e9v\u00e8le de nouvelles informations","footnotes":""},"categories":[73,55],"tags":[],"class_list":["post-108242","post","type-post","status-publish","format-standard","hentry","category-actualite","category-tunisie"],"_links":{"self":[{"href":"https:\/\/linitiative.ca\/International\/wp-json\/wp\/v2\/posts\/108242","targetHints":{"allow":["GET"]}}],"collection":[{"href":"https:\/\/linitiative.ca\/International\/wp-json\/wp\/v2\/posts"}],"about":[{"href":"https:\/\/linitiative.ca\/International\/wp-json\/wp\/v2\/types\/post"}],"author":[{"embeddable":true,"href":"https:\/\/linitiative.ca\/International\/wp-json\/wp\/v2\/users\/1789"}],"replies":[{"embeddable":true,"href":"https:\/\/linitiative.ca\/International\/wp-json\/wp\/v2\/comments?post=108242"}],"version-history":[{"count":0,"href":"https:\/\/linitiative.ca\/International\/wp-json\/wp\/v2\/posts\/108242\/revisions"}],"wp:attachment":[{"href":"https:\/\/linitiative.ca\/International\/wp-json\/wp\/v2\/media?parent=108242"}],"wp:term":[{"taxonomy":"category","embeddable":true,"href":"https:\/\/linitiative.ca\/International\/wp-json\/wp\/v2\/categories?post=108242"},{"taxonomy":"post_tag","embeddable":true,"href":"https:\/\/linitiative.ca\/International\/wp-json\/wp\/v2\/tags?post=108242"}],"curies":[{"name":"wp","href":"https:\/\/api.w.org\/{rel}","templated":true}]}}