{"id":108246,"date":"2020-12-28T14:44:37","date_gmt":"2020-12-28T19:44:37","guid":{"rendered":"https:\/\/linitiative.ca\/International\/investiture-de-roch-marc-christian-kabore-pour-son-dernier-mandat\/"},"modified":"2020-12-28T14:44:37","modified_gmt":"2020-12-28T19:44:37","slug":"investiture-de-roch-marc-christian-kabore-pour-son-dernier-mandat","status":"publish","type":"post","link":"https:\/\/linitiative.ca\/International\/investiture-de-roch-marc-christian-kabore-pour-son-dernier-mandat\/","title":{"rendered":"INVESTITURE DE ROCH MARC CHRISTIAN KABORE POUR SON DERNIER MANDAT"},"content":{"rendered":"<p class=\"c3\"><em>Le \u00a028 d\u00e9cembre dernier a eu lieu, au Palais des sports, la c\u00e9r\u00e9monie d\u2019investiture de Roch Marc Christian Kabor\u00e9. Covid-19 oblige, les organisateurs ont mis un point d\u2019honneur \u00e0 faire respecter les mesures- barri\u00e8res, si fait que le nombre des invit\u00e9s a \u00e9t\u00e9 drastiquement r\u00e9duit. Une dizaine de chefs d\u2019Etat africains ont honor\u00e9 de leur pr\u00e9sence la c\u00e9r\u00e9monie. A ces pr\u00e9sidents se sont ajout\u00e9es des personnalit\u00e9s du monde diplomatique. On notait aussi la pr\u00e9sence de pr\u00e9sidents d\u2019institutions, de dignitaires religieux et coutumiers ainsi que des personnalit\u00e9s du monde politique. L\u2019investiture de Roch Kabor\u00e9 est importante, puisqu\u2019elle est l\u2019acte qui parach\u00e8ve le processus \u00e9lectoral. Les Burkinab\u00e8 ont eu donc raison de mettre les petits plats dans les grands pour c\u00e9l\u00e9brer l\u2019\u00e9v\u00e9nement. Ils peuvent d\u2019autant plus s\u2019en r\u00e9jouir que le processus \u00e9lectoral a enregistr\u00e9 z\u00e9ro mort et z\u00e9ro bless\u00e9. En outre, il n\u2019a pas connu de manquements graves au point de porter un coup \u00e0 la transparence et \u00e0 la cr\u00e9dibilit\u00e9 du scrutin. Cela a, du reste, \u00e9t\u00e9 relev\u00e9 par le Conseil constitutionnel. La t\u00e2che de l\u2019institution a \u00e9t\u00e9 facilit\u00e9e du fait qu\u2019aucun candidat malheureux n\u2019a jug\u00e9 bon de d\u00e9poser un recours contre la victoire de l\u2019Enfant de Tuir\u00e9. L\u2019un dans l\u2019autre, on peut dire que les Burkinab\u00e8, comme en 2015, et nonobstant les adversit\u00e9s qui se sont dress\u00e9es sur leur chemin, ont fait preuve de maturit\u00e9 d\u00e9mocratique. Et le m\u00e9rite en revient aux \u00e9lecteurs, aux acteurs du monde politique et \u00e0 toutes les institutions charg\u00e9es de g\u00e9rer les questions \u00e9lectorales. En cela, le Burkina a fait la diff\u00e9rence avec bien des pays africains qui n\u2019ont eu aucun scrupule \u00e0 malmener la d\u00e9mocratie. Cela dit, dans son discours d\u2019investiture, Roch Marc Christian Kabor\u00e9 a \u00e9gren\u00e9 les grands projets \u00e0 r\u00e9aliser au cours de son mandat. Comme on pouvait s\u2019y attendre, la question de la r\u00e9conciliation a \u00e9t\u00e9 \u00e9voqu\u00e9e. Roch Marc Christian Kabor\u00e9 n\u2019a pas vari\u00e9 d\u2019un iota quant \u00e0 la mani\u00e8re de la mettre en \u0153uvre. Pour lui, en effet, la question ne se r\u00e9soudra pas au d\u00e9triment de la v\u00e9rit\u00e9 et de la justice. In fine, le pr\u00e9sident a martel\u00e9 ceci\u00a0:\u00a0\u00ab\u00a0Les voies d\u2019une r\u00e9conciliation v\u00e9ritable doivent aller au-del\u00e0 des questions conjoncturelles\u00a0\u00bb.<\/em><\/p>\n<p class=\"c3\"><em>\u00a0<\/em><\/p>\n<p class=\"c4\"><strong><em>Roch doit op\u00e9rer un casting de raison, qui favorise l\u2019efficacit\u00e9 et l\u2019efficience<\/em><\/strong><\/p>\n<p class=\"c4\"><strong><em>\u00a0<\/em><\/strong><\/p>\n<p class=\"c3\"><em>Le pr\u00e9sident a \u00e9galement abord\u00e9 le probl\u00e8me de la corruption et des passe-droits, la n\u00e9cessit\u00e9 du r\u00e8glement des questions fonci\u00e8res et immobili\u00e8res, l\u2019urgence de cr\u00e9er des emplois d\u00e9cents. Le d\u00e9fi s\u00e9curitaire, selon lui, sera relev\u00e9. Bref, Roch Marc Christian Kabor\u00e9 a \u00e9t\u00e9 bref dans son discours d\u2019investiture mais tous les grands probl\u00e8mes auxquels le pays fait face, ont \u00e9t\u00e9 \u00e9voqu\u00e9s. Et le pr\u00e9sident s\u2019est engag\u00e9 solennellement \u00e0 leur trouver des solutions idoines. C\u2019est pourquoi l\u2019on peut dire que c\u2019est maintenant que le plus dur commence. En tout cas, il sera jug\u00e9 aux r\u00e9sultats. Lors de son premier mandat, peut-on-dire, le pr\u00e9sident Kabor\u00e9 a donn\u00e9 l\u2019impression de vouloir caresser tout le monde dans le sens du poil, y compris les femmes et les hommes qui m\u00e9ritaient d\u2019\u00eatre ch\u00e2ti\u00e9s \u00e0 la hauteur de leurs forfaits. Il lui reste cinq ans pour corriger tous les rat\u00e9s de son premier mandat. Et Dieu seul sait s\u2019ils sont tr\u00e8s nombreux. Du reste, il a eu le courage et l\u2019honn\u00eatet\u00e9 d\u2019en parler au cours de son investiture au\u00a0 Palais des sports. En 2015, lorsqu\u2019il\u00a0\u00e9trennait son premier mandat, il avait op\u00e9r\u00e9, peut-on avoir l\u2019impression, un casting de sentiment, puisque l\u2019homme est fid\u00e8le en\u00a0amiti\u00e9. De ce point de vue, des copains d\u2019enfance, de jeunesse et de quartier ont \u00e9t\u00e9 appel\u00e9s \u00e0 ses c\u00f4t\u00e9s. La suite, on la connait. Certains d\u2019entre eux se sont laiss\u00e9s aller \u00e0 des actes qui ont entach\u00e9 fortement le premier mandat. Maintenant qu\u2019il n\u2019est plus dans la logique de la qu\u00eate d\u2019un autre mandat, il doit op\u00e9rer un casting de raison, c\u2019est-\u00e0-dire celui qui favorise l\u2019efficacit\u00e9 et l\u2019efficience m\u00eame si,\u00a0 pour cela, il doit sacrifier ses\u00a0vieilles connaissances et autres amis. Dans la m\u00eame veine, il doit marquer de la distance vis-\u00e0-vis de tous ses courtisans qui peuvent \u00eatre tent\u00e9s de le conduire sur le chemin p\u00e9rilleux d\u2019un \u00e9ventuel 3<sup>e<\/sup> mandat. Cette tentation est d\u2019autant plus possible qu\u2019il compte parmi ses amis chefs d\u2019Etat, des gens qui ne se\u00a0 sont pas g\u00ean\u00e9s pour tripatouiller la Constitution de leurs pays respectifs pour s\u2019offrir un 3<sup>e<\/sup> mandat. Et ces anti-d\u00e9mocrates \u00e9taient l\u00e0 hier, pour l\u2019aider \u00e0 c\u00e9l\u00e9brer la d\u00e9mocratie. Et c\u2019est l\u00e0 o\u00f9 r\u00e9side toute l\u2019incoh\u00e9rence\u00a0 de leur pr\u00e9sence. Aujourd\u2019hui, Roch Marc Christian Kabor\u00e9 a l\u2019opportunit\u00e9 de poser de grandes actions en faveur du Burkina. Et ce ne sont pas les comp\u00e9tences qui manquent pour l\u2019y accompagner. Il a l\u2019obligation morale et politique d\u2019aller les chercher o\u00f9 qu\u2019elles se trouvent. L\u2019essentiel est\u00a0 qu\u2019elles soient des Burkinab\u00e8. Leur coloration politique ne devrait pas \u00eatre un obstacle \u00e0 leur implication dans la r\u00e9solution des grandes \u00e9quations qui se posent au Burkina. En tout cas, le pr\u00e9sident est pr\u00e9venu. A lui de faire en sorte que son deuxi\u00e8me et dernier mandat soit celui de la rupture. C\u2019est seulement \u00e0 ce prix qu\u2019il peut\u00a0 entrer dans l\u2019histoire du Burkina comme un homme d\u2019Etat. Et la meilleure fa\u00e7on de rendre hommage \u00e0 l\u2019insurrection des 30 et 31 octobre 2014, et \u00e0 laquelle il a d\u2019ailleurs fait un clin d\u2019\u0153il lors de son investiture, est de s\u2019inscrire dans cette logique.\u00a0\u00a0<\/em><\/p>\n<p class=\"c3\"><em>\u00a0<\/em><\/p>\n<p class=\"c4\"><em><strong>Sidzabda\u00a0\u00a0\u00a0<\/strong><\/em><\/p>\n<p class=\"c3\"><em>\u00a0<\/em><\/p>\n<p>Auteur: Le Pays<br \/>\n<a href=\"https:\/\/lepays.bf\/investiture-de-roch-marc-christian-kabore-pour-son-dernier-mandat\/\">Cliquez ici pour lire l&rsquo;article depuis sa source.<\/a><\/p>\n","protected":false},"excerpt":{"rendered":"<p>Le \u00a028 d\u00e9cembre dernier a eu lieu, au Palais des sports, la c\u00e9r\u00e9monie d\u2019investiture de Roch Marc Christian Kabor\u00e9. Covid-19 oblige, les organisateurs ont mis un point d\u2019honneur \u00e0 faire respecter les mesures- barri\u00e8res, si fait que le nombre des invit\u00e9s a \u00e9t\u00e9 drastiquement r\u00e9duit. Une dizaine de chefs d\u2019Etat africains ont honor\u00e9 de leur [&hellip;]<\/p>\n","protected":false},"author":1813,"featured_media":0,"comment_status":"closed","ping_status":"closed","sticky":false,"template":"","format":"standard","meta":{"fifu_image_url":"","fifu_image_alt":"","footnotes":""},"categories":[73,81],"tags":[],"class_list":["post-108246","post","type-post","status-publish","format-standard","hentry","category-actualite","category-burkina-faso"],"_links":{"self":[{"href":"https:\/\/linitiative.ca\/International\/wp-json\/wp\/v2\/posts\/108246","targetHints":{"allow":["GET"]}}],"collection":[{"href":"https:\/\/linitiative.ca\/International\/wp-json\/wp\/v2\/posts"}],"about":[{"href":"https:\/\/linitiative.ca\/International\/wp-json\/wp\/v2\/types\/post"}],"author":[{"embeddable":true,"href":"https:\/\/linitiative.ca\/International\/wp-json\/wp\/v2\/users\/1813"}],"replies":[{"embeddable":true,"href":"https:\/\/linitiative.ca\/International\/wp-json\/wp\/v2\/comments?post=108246"}],"version-history":[{"count":0,"href":"https:\/\/linitiative.ca\/International\/wp-json\/wp\/v2\/posts\/108246\/revisions"}],"wp:attachment":[{"href":"https:\/\/linitiative.ca\/International\/wp-json\/wp\/v2\/media?parent=108246"}],"wp:term":[{"taxonomy":"category","embeddable":true,"href":"https:\/\/linitiative.ca\/International\/wp-json\/wp\/v2\/categories?post=108246"},{"taxonomy":"post_tag","embeddable":true,"href":"https:\/\/linitiative.ca\/International\/wp-json\/wp\/v2\/tags?post=108246"}],"curies":[{"name":"wp","href":"https:\/\/api.w.org\/{rel}","templated":true}]}}