{"id":108247,"date":"2020-12-28T14:48:36","date_gmt":"2020-12-28T19:48:36","guid":{"rendered":"https:\/\/linitiative.ca\/International\/presidentielle-sur-fond-de-violences-en-rca\/"},"modified":"2020-12-28T14:48:36","modified_gmt":"2020-12-28T19:48:36","slug":"presidentielle-sur-fond-de-violences-en-rca","status":"publish","type":"post","link":"https:\/\/linitiative.ca\/International\/presidentielle-sur-fond-de-violences-en-rca\/","title":{"rendered":"PRESIDENTIELLE SUR FOND DE VIOLENCES EN RCA  \u00a0"},"content":{"rendered":"<p class=\"c3\"><em>A la faveur de la pr\u00e9sidentielle du 27 d\u00e9cembre dernier, la R\u00e9publique centrafricaine a renou\u00e9 avec les violences. En effet, fortement voulu par la communaut\u00e9 internationale qui a mis les moyens humains et financiers pour sa tenue, le scrutin du 27 d\u00e9cembre dernier a \u00e9t\u00e9 troubl\u00e9, par endroits, par des violences cons\u00e9cutives aux menaces qu\u2019ont fait planer sur lui, une coalition de groupes arm\u00e9s, au moment o\u00f9 certaines voix militaient pour son report. Selon les premi\u00e8res estimations de l\u2019institution en charge des \u00e9lections, pr\u00e8s de 800 bureaux de vote sur les 5400 que comptait le pays, n\u2019ont pu ouvrir, emp\u00eachant de nombreux citoyens d\u2019accomplir leur devoir civique. A l\u2019origine de ces troubles, on peut d\u00e9sormais citer sans grand risque de se tromper, l\u2019ex-pr\u00e9sident Fran\u00e7ois Boziz\u00e9 dont la candidature a \u00e9t\u00e9 invalid\u00e9e avec une douzaine d\u2019autres, par la Cour constitutionnelle. En effet, apr\u00e8s avoir fait mine d\u2019accepter le verdict de l\u2019instance \u00e9lectorale supr\u00eame, l\u2019ex-chef d\u2019Etat dont le pass\u00e9 de putschiste lui colle \u00e0 la peau, apr\u00e8s avoir appel\u00e9 au boycott du scrutin, a fini par tomber le masque en apportant clairement son soutien aux groupes arm\u00e9s r\u00e9unis au sein du CPC, d\u00e9cid\u00e9s \u00e0 entraver le processus \u00e9lectoral.<\/em><\/p>\n<p class=\"c3\"><em>\u00a0<\/em><\/p>\n<p class=\"c4\"><strong><em>En s\u2019affichant aux c\u00f4t\u00e9s de groupes arm\u00e9s en d\u00e9licatesse avec la R\u00e9publique, Fran\u00e7ois Boziz\u00e9 se pose en ennemi de la paix en RCA<\/em><\/strong><\/p>\n<p class=\"c4\"><strong><em>\u00a0<\/em><\/strong><\/p>\n<p class=\"c3\"><em>D\u00e8s lors, il est difficile de ne pas voir sa main derri\u00e8re ces violences, comme s\u2019il cherchait \u00e0 obtenir par les armes, le pouvoir perdu que l\u2019invalidation de sa candidature l\u2019emp\u00eachait de reconqu\u00e9rir par les urnes. Comment pouvait-il en \u00eatre autrement quand l\u2019int\u00e9ress\u00e9 qui a \u00e9t\u00e9 chass\u00e9 du pouvoir en 2013, n\u2019a de cesse de montrer une volont\u00e9 in\u00e9branlable de revenir aux affaires par tous les moyens\u00a0? D\u2019ailleurs, on se demande encore par quels moyens cet ex-\u00e9xil\u00e9 politique sur la t\u00eate de qui p\u00e8se un mandat d\u2019arr\u00eat international, \u00a0a pu signer son retour au pays afin de faire acte de candidature \u00e0 cette pr\u00e9sidentielle qui lui a finalement ferm\u00e9 les bras. Quoi qu\u2019il en soit, en s\u2019affichant clairement aux c\u00f4t\u00e9s de groupes arm\u00e9s en d\u00e9licatesse avec la R\u00e9publique, Fran\u00e7ois Boziz\u00e9 se pose en ennemi de la paix en RCA. Et ce serait une bonne raison de le voir se mettre \u00e0 dos la communaut\u00e9 internationale dont les efforts de paix sont en train d\u2019\u00eatre sap\u00e9s peu \u00e0 peu dans le pays. Car, il y a des raisons de croire que l\u2019ex-mentor des Anti Balaka est dans la logique du \u00ab\u00a0moi ou le chaos\u00a0\u00bb, comme sa derni\u00e8re prise de position et son alignement derri\u00e8re les groupes arm\u00e9s \u00e0 l\u2019occasion de ce scrutin pr\u00e9sidentiel, tendent \u00e0 le montrer.\u00a0<\/em> <em>Cela dit, Boziz\u00e9 a certes \u00e9chou\u00e9 \u00e0 remettre en cause la tenue des \u00e9lections, mais il reste toujours une \u00e9pine dans le pied du pouvoir de Bangui. Et tout porte \u00e0 croire que tant qu\u2019il sera dans la nature et anim\u00e9 de la volont\u00e9 irr\u00e9pressible de revenir au pouvoir, les autorit\u00e9s de Bangui ne dormiront que d\u2019un \u0153il. Et ce, quel que soit celui qui sera couronn\u00e9 au terme de ce processus \u00e9lectoral tronqu\u00e9, qui risque de poser un probl\u00e8me de l\u00e9gitimit\u00e9 au pr\u00e9sident \u00e9lu. C\u2019est pourquoi la seule option pour une paix durable dans l\u2019ex-Oubangui Chari, est d\u2019annihiler la capacit\u00e9 de nuisance de l\u2019ex-putschiste, \u00e0 d\u00e9faut de le remettre \u00e0 la Justice internationale.<\/em><\/p>\n<p class=\"c3\"><em>\u00a0<\/em><\/p>\n<p class=\"c4\"><strong><em>La situation d\u00e9l\u00e9t\u00e8re en\u00a0 RCA reste un abc\u00e8s \u00e0 crever \u00e0 tout prix<\/em><\/strong><\/p>\n<p class=\"c3\"><em>\u00a0<\/em><\/p>\n<p class=\"c3\"><em>Car, avec ce qu\u2019il a donn\u00e9 de voir, tout porte \u00e0 croire que tant que l\u2019\u00e9quation Boziz\u00e9 ne sera pas r\u00e9solue, la RCA ne conna\u00eetra jamais la paix. Car, \u00e0 74 ans r\u00e9volus et apr\u00e8s 10 ans de pouvoir, son comportement continue d\u2019autant plus d\u2019intriguer que son tombeur et alter ego de rival, Michel Djotodia, fait, lui plut\u00f4t \u00a0profil bas depuis sa perte du pouvoir dans les conditions que l\u2019on sait. La question est donc de savoir d\u2019o\u00f9 Fran\u00e7ois Boziz\u00e9 tient cette addiction au pouvoir. Quoi qu\u2019il en soit, il est devenu une menace permanente pour le pouvoir de Bangui. Et on attend de voir quelle sera l\u2019attitude des groupes arm\u00e9s auxquels il a apport\u00e9 son soutien, apr\u00e8s la tenue de ces \u00e9lections qui constitue une victoire d\u2019\u00e9tape pour les autorit\u00e9s de Bangui. Vont-ils rentrer dans les rangs, ou continuer \u00e0 tailler des croupi\u00e8res au nouveau pouvoir? On attend de voir.\u00a0<\/em> <em>En tout \u00e9tat de cause, pour autant que la tenue de ce scrutin puisse permettre de sauver les apparences de la d\u00e9mocratie durement malmen\u00e9e depuis des ann\u00e9es, la situation d\u00e9l\u00e9t\u00e8re en\u00a0 RCA reste un abc\u00e8s \u00e0 crever \u00e0 tout prix. C\u2019est dire si la situation actuelle interpelle au plus haut point le chef de l\u2019Etat qui sera \u00e9lu, et qui aura la lourde t\u00e2che de travailler \u00e0 stabiliser le pays dans un\u00a0 combat qui est loin d\u2019\u00eatre gagn\u00e9 d\u2019avance. En tous les cas, la RCA ne peut pas continuer \u00e0 subir des coups d\u2019Etat \u00e0 n\u2019en pas finir. Elle doit pouvoir grandir de l\u2019action de ses hommes politiques pour rompre d\u00e9finitivement avec le langage des armes.\u00a0 Il y va de la survie de sa d\u00e9mocratie.\u00a0<\/em><\/p>\n<p class=\"c3\"><em>\u00a0<\/em><\/p>\n<p class=\"c4\"><strong><em>\u00ab\u00a0Le Pays\u00a0\u00bb<\/em><\/strong><\/p>\n<p class=\"c3\"><em>\u00a0<\/em><\/p>\n<p>Auteur: Le Pays<br \/>\n<a href=\"https:\/\/lepays.bf\/presidentielle-sur-fond-de-violences-en-rca\/\">Cliquez ici pour lire l&rsquo;article depuis sa source.<\/a><\/p>\n","protected":false},"excerpt":{"rendered":"<p>A la faveur de la pr\u00e9sidentielle du 27 d\u00e9cembre dernier, la R\u00e9publique centrafricaine a renou\u00e9 avec les violences. En effet, fortement voulu par la communaut\u00e9 internationale qui a mis les moyens humains et financiers pour sa tenue, le scrutin du 27 d\u00e9cembre dernier a \u00e9t\u00e9 troubl\u00e9, par endroits, par des violences cons\u00e9cutives aux menaces qu\u2019ont [&hellip;]<\/p>\n","protected":false},"author":1813,"featured_media":0,"comment_status":"closed","ping_status":"closed","sticky":false,"template":"","format":"standard","meta":{"fifu_image_url":"","fifu_image_alt":"","footnotes":""},"categories":[73,81],"tags":[],"class_list":["post-108247","post","type-post","status-publish","format-standard","hentry","category-actualite","category-burkina-faso"],"_links":{"self":[{"href":"https:\/\/linitiative.ca\/International\/wp-json\/wp\/v2\/posts\/108247","targetHints":{"allow":["GET"]}}],"collection":[{"href":"https:\/\/linitiative.ca\/International\/wp-json\/wp\/v2\/posts"}],"about":[{"href":"https:\/\/linitiative.ca\/International\/wp-json\/wp\/v2\/types\/post"}],"author":[{"embeddable":true,"href":"https:\/\/linitiative.ca\/International\/wp-json\/wp\/v2\/users\/1813"}],"replies":[{"embeddable":true,"href":"https:\/\/linitiative.ca\/International\/wp-json\/wp\/v2\/comments?post=108247"}],"version-history":[{"count":0,"href":"https:\/\/linitiative.ca\/International\/wp-json\/wp\/v2\/posts\/108247\/revisions"}],"wp:attachment":[{"href":"https:\/\/linitiative.ca\/International\/wp-json\/wp\/v2\/media?parent=108247"}],"wp:term":[{"taxonomy":"category","embeddable":true,"href":"https:\/\/linitiative.ca\/International\/wp-json\/wp\/v2\/categories?post=108247"},{"taxonomy":"post_tag","embeddable":true,"href":"https:\/\/linitiative.ca\/International\/wp-json\/wp\/v2\/tags?post=108247"}],"curies":[{"name":"wp","href":"https:\/\/api.w.org\/{rel}","templated":true}]}}