{"id":108254,"date":"2020-12-28T12:18:02","date_gmt":"2020-12-28T17:18:02","guid":{"rendered":"https:\/\/linitiative.ca\/International\/la-fif-denonce-le-caractere-fallacieux-des-motifs-de-mise-en-place-du-comite-de-normalisation-de-la-fifa\/"},"modified":"2020-12-28T12:18:02","modified_gmt":"2020-12-28T17:18:02","slug":"la-fif-denonce-le-caractere-fallacieux-des-motifs-de-mise-en-place-du-comite-de-normalisation-de-la-fifa","status":"publish","type":"post","link":"https:\/\/linitiative.ca\/International\/la-fif-denonce-le-caractere-fallacieux-des-motifs-de-mise-en-place-du-comite-de-normalisation-de-la-fifa\/","title":{"rendered":"La FIF d\u00e9nonce le  caract\u00e8re  \u00abfallacieux\u00bb des motifs de mise en place du Comit\u00e9 de normalisation de la FIFA"},"content":{"rendered":"<div readability=\"32\">\n<p>Publi\u00e9 le 28.12.2020 \u00e0 18h18 par APA News<\/p>\n<\/div>\n<div readability=\"55\">\n<p>La F\u00e9d\u00e9ration ivoirienne de football ( FIFA) a d\u00e9nonc\u00e9 lundi le caract\u00e8re \u00abfallacieux et impertinent \u00bb des motifs qui sous-tendent la mise en place d\u2019un Comit\u00e9 de normalisation par la F\u00e9d\u00e9ration internationale de football association ( FIFA) annon\u00e7ant qu\u2019elle exercera toutes les voies de recours devant le Tribunal arbitral du sport ( TAS).<\/p>\n<p>\u00ab R\u00e9uni ce jour et apr\u00e8s analyse de cette d\u00e9cision, le comit\u00e9 ex\u00e9cutif a conclu au caract\u00e8re fallacieux et impertinent des motifs qui la ( mise en place du comit\u00e9 de normalisation) sous-tendent. Aussi le Comit\u00e9 ex\u00e9cutif a-t-il pris la d\u00e9cision d\u2019exercer toutes les voies de recours devant le TAS \u00bb, a annonc\u00e9 la FIF dans un communiqu\u00e9 sign\u00e9 par son directeur ex\u00e9cutif Sam-Etiass\u00e9 Jean-Baptiste.<\/p>\n<p>Le 24 d\u00e9cembre dernier, la FIF a re\u00e7u de la FIFA la notification d\u2019une d\u00e9cision portant nomination d\u2019un Comit\u00e9 de normalisation pour la f\u00e9d\u00e9ration ivoirienne de football. Cette d\u00e9cision de la FIFA est intervenue apr\u00e8s plusieurs mois de blocage du processus de l\u2019\u00e9lection du nouveau pr\u00e9sident de la FIF.<\/p>\n<p>Cette d\u00e9cision qui met sous tutelle la FIF, a justifi\u00e9 de son c\u00f4t\u00e9 la FIFA, \u00a0\u00ab r\u00e9sulte du fait que les instances dirigeantes du football ivoirien ne sont pas parvenues \u00e0 organiser une proc\u00e9dure \u00e9lectorale conforme aux exigences statutaires et r\u00e9glementaires applicables \u00e0 toutes les associations membres de la FIFA \u00bb.<\/p>\n<\/div>\n<p>Auteur: APA News<br \/>\n<a href=\"https:\/\/www.journalducameroun.com\/la-fif-denonce-le-caractere-fallacieux-des-motifs-de-mise-en-place-du-comite-de-normalisation-de-la-fifa\/\">Cliquez ici pour lire l&rsquo;article depuis sa source.<\/a><\/p>\n","protected":false},"excerpt":{"rendered":"<p>Publi\u00e9 le 28.12.2020 \u00e0 18h18 par APA News La F\u00e9d\u00e9ration ivoirienne de football ( FIFA) a d\u00e9nonc\u00e9 lundi le caract\u00e8re \u00abfallacieux et impertinent \u00bb des motifs qui sous-tendent la mise en place d\u2019un Comit\u00e9 de normalisation par la F\u00e9d\u00e9ration internationale de football association ( FIFA) annon\u00e7ant qu\u2019elle exercera toutes les voies de recours devant le [&hellip;]<\/p>\n","protected":false},"author":1965,"featured_media":0,"comment_status":"closed","ping_status":"closed","sticky":false,"template":"","format":"standard","meta":{"fifu_image_url":"","fifu_image_alt":"","footnotes":""},"categories":[73,82],"tags":[],"class_list":["post-108254","post","type-post","status-publish","format-standard","hentry","category-actualite","category-cameroun"],"_links":{"self":[{"href":"https:\/\/linitiative.ca\/International\/wp-json\/wp\/v2\/posts\/108254","targetHints":{"allow":["GET"]}}],"collection":[{"href":"https:\/\/linitiative.ca\/International\/wp-json\/wp\/v2\/posts"}],"about":[{"href":"https:\/\/linitiative.ca\/International\/wp-json\/wp\/v2\/types\/post"}],"author":[{"embeddable":true,"href":"https:\/\/linitiative.ca\/International\/wp-json\/wp\/v2\/users\/1965"}],"replies":[{"embeddable":true,"href":"https:\/\/linitiative.ca\/International\/wp-json\/wp\/v2\/comments?post=108254"}],"version-history":[{"count":0,"href":"https:\/\/linitiative.ca\/International\/wp-json\/wp\/v2\/posts\/108254\/revisions"}],"wp:attachment":[{"href":"https:\/\/linitiative.ca\/International\/wp-json\/wp\/v2\/media?parent=108254"}],"wp:term":[{"taxonomy":"category","embeddable":true,"href":"https:\/\/linitiative.ca\/International\/wp-json\/wp\/v2\/categories?post=108254"},{"taxonomy":"post_tag","embeddable":true,"href":"https:\/\/linitiative.ca\/International\/wp-json\/wp\/v2\/tags?post=108254"}],"curies":[{"name":"wp","href":"https:\/\/api.w.org\/{rel}","templated":true}]}}