{"id":108255,"date":"2020-12-28T13:24:11","date_gmt":"2020-12-28T18:24:11","guid":{"rendered":"https:\/\/linitiative.ca\/International\/cameroun-douala-accueille-la-mascotte-du-chan-ce-29-decembre-2020\/"},"modified":"2020-12-28T13:24:11","modified_gmt":"2020-12-28T18:24:11","slug":"cameroun-douala-accueille-la-mascotte-du-chan-ce-29-decembre-2020","status":"publish","type":"post","link":"https:\/\/linitiative.ca\/International\/cameroun-douala-accueille-la-mascotte-du-chan-ce-29-decembre-2020\/","title":{"rendered":"Cameroun : Douala accueille la mascotte du CHAN ce 29 d\u00e9cembre 2020"},"content":{"rendered":"<div readability=\"32\">\n<p>Publi\u00e9 le 28.12.2020 \u00e0 19h24 par Journal du Cameroun<\/p>\n<\/div>\n<div readability=\"49\">\n<h2><strong>Depuis le 27 d\u00e9cembre dernier, Tara la mascotte du Chan est pr\u00e9sent\u00e9e aux populations des villes qui vont abriter les matchs du sixi\u00e8me championnat d\u2019Afrique des nations. Ce mardi il s\u00e9journe dans la capitale \u00e9conomique.<\/strong><\/h2>\n<p><strong>Douala<\/strong> accueille <strong>Tara<\/strong> la mascotte du <strong>Chan<\/strong> ce 29 D\u00e9cembre 2020, apr\u00e8s Yaound\u00e9 o\u00f9 s\u2019est ouvert le bal dimanche dernier au Palais polyvalent des sports de Warda.<\/p>\n<p>Tara est ainsi engag\u00e9 dans un p\u00e9riple qui le conduira dans les villes directement concern\u00e9es par l\u2019organisation du Chan 2021. Apr\u00e8s Douala ce 29 d\u00e9cembre, la vitrine du Championnat d\u2019Afrique des Nations va boucler sa tourn\u00e9e \u00a0par Limbe et Buea, dans la r\u00e9gion du \u00a0Sud-Ouest du Cameroun, le 30 D\u00e9cembre 2020.<\/p>\n<p>Le ministre <strong>Narcisse Mouelle Kombi<\/strong>, pr\u00e9sident du Comit\u00e9 local d\u2019organisation du Chan 2021 invite le public<em>\u00ab \u00e0 r\u00e9server un accueil chaleureux \u00e0 ce symbole du <strong>CHAN TOTAL Cameroun 2020<\/strong> \u00bb<\/em><strong><em>.<\/em><\/strong><\/p>\n<p>En rappel la comp\u00e9tition se disputera du 16 au janvier au 7 f\u00e9vrier 2021. Avec en ouverture le match <strong>Cameroun<\/strong> \u2013 <strong>Zimbabwe<\/strong>.<\/p>\n<\/div>\n<p>Auteur: Christian DJIMADEU<br \/>\n<a href=\"https:\/\/www.journalducameroun.com\/cameroun-douala-accueille-la-mascotte-du-chan-ce-29-decembre-2020-cameroun\/\">Cliquez ici pour lire l&rsquo;article depuis sa source.<\/a><\/p>\n","protected":false},"excerpt":{"rendered":"<p>Publi\u00e9 le 28.12.2020 \u00e0 19h24 par Journal du Cameroun Depuis le 27 d\u00e9cembre dernier, Tara la mascotte du Chan est pr\u00e9sent\u00e9e aux populations des villes qui vont abriter les matchs du sixi\u00e8me championnat d\u2019Afrique des nations. Ce mardi il s\u00e9journe dans la capitale \u00e9conomique. Douala accueille Tara la mascotte du Chan ce 29 D\u00e9cembre 2020, [&hellip;]<\/p>\n","protected":false},"author":1965,"featured_media":0,"comment_status":"closed","ping_status":"closed","sticky":false,"template":"","format":"standard","meta":{"fifu_image_url":"","fifu_image_alt":"","footnotes":""},"categories":[73,82],"tags":[],"class_list":["post-108255","post","type-post","status-publish","format-standard","hentry","category-actualite","category-cameroun"],"_links":{"self":[{"href":"https:\/\/linitiative.ca\/International\/wp-json\/wp\/v2\/posts\/108255","targetHints":{"allow":["GET"]}}],"collection":[{"href":"https:\/\/linitiative.ca\/International\/wp-json\/wp\/v2\/posts"}],"about":[{"href":"https:\/\/linitiative.ca\/International\/wp-json\/wp\/v2\/types\/post"}],"author":[{"embeddable":true,"href":"https:\/\/linitiative.ca\/International\/wp-json\/wp\/v2\/users\/1965"}],"replies":[{"embeddable":true,"href":"https:\/\/linitiative.ca\/International\/wp-json\/wp\/v2\/comments?post=108255"}],"version-history":[{"count":0,"href":"https:\/\/linitiative.ca\/International\/wp-json\/wp\/v2\/posts\/108255\/revisions"}],"wp:attachment":[{"href":"https:\/\/linitiative.ca\/International\/wp-json\/wp\/v2\/media?parent=108255"}],"wp:term":[{"taxonomy":"category","embeddable":true,"href":"https:\/\/linitiative.ca\/International\/wp-json\/wp\/v2\/categories?post=108255"},{"taxonomy":"post_tag","embeddable":true,"href":"https:\/\/linitiative.ca\/International\/wp-json\/wp\/v2\/tags?post=108255"}],"curies":[{"name":"wp","href":"https:\/\/api.w.org\/{rel}","templated":true}]}}