{"id":108256,"date":"2020-12-28T13:58:30","date_gmt":"2020-12-28T18:58:30","guid":{"rendered":"https:\/\/linitiative.ca\/International\/cameroun-chan-2021-33-joueurs-par-equipe-pas-de-partage-de-chambre-dhotel-pour-eviter-la-covid-19\/"},"modified":"2020-12-28T13:58:30","modified_gmt":"2020-12-28T18:58:30","slug":"cameroun-chan-2021-33-joueurs-par-equipe-pas-de-partage-de-chambre-dhotel-pour-eviter-la-covid-19","status":"publish","type":"post","link":"https:\/\/linitiative.ca\/International\/cameroun-chan-2021-33-joueurs-par-equipe-pas-de-partage-de-chambre-dhotel-pour-eviter-la-covid-19\/","title":{"rendered":"Cameroun \u2013 Chan 2021 : 33 joueurs par \u00e9quipe, pas de partage de chambre d\u2019h\u00f4tel pour \u00e9viter la Covid-19"},"content":{"rendered":"<div readability=\"32\">\n<p>Publi\u00e9 le 28.12.2020 \u00e0 19h58 par Christian Djimadeu<\/p>\n<\/div>\n<div readability=\"47\">\n<h2 class=\"c6\"><strong>Il s\u2019agit l\u00e0 de quelques mesures \u00e9dict\u00e9es par la Conf\u00e9d\u00e9ration africaine de football pour pr\u00e9venir la propagation de la Covid-19 pendant le sixi\u00e8me \u00e9dition du Championnat d\u2019Afrique des nations.<\/strong><\/h2>\n<p class=\"c7\">Une \u00e9dition du Chan pas comme les autres en raison de la pand\u00e9mie de la Covid-19. Chaque \u00e9quipe est autoris\u00e9e \u00e0 avoir 33 joueurs, soit 10 r\u00e9servistes en cas d\u00e9tection des cas positifs dans l\u2019effectif des 23.<\/p>\n<p class=\"c7\">La CAF a \u00e9galement interdit le partage des chambres d\u2019h\u00f4tel. Il n\u2019y aura donc pas de deux personnes par pi\u00e8ce selon le vice-pr\u00e9sident de la commission h\u00e9bergement du Comit\u00e9 d\u2019organisation du Championnat d\u2019Afrique des Nations et de la Coupe d\u2019Afrique des Nations, Alain Bruno Makollo. Ce dernier a indiqu\u00e9 le 27 d\u00e9cembre \u00a0sur la t\u00e9l\u00e9vision nationale (CRTV) que le nombre de chambres initialement retenu a d\u00e9cupl\u00e9 .\u00a0<em>\u00ab\u00a0Une \u00e9quipe a minimalement besoin de 46 chambres. Initialement c\u2019\u00e9tait 20 ou 24. La pand\u00e9mie a fortement impact\u00e9 ce secteur d\u2019activit\u00e9s. Les chambres sont r\u00e9serv\u00e9es en pension compl\u00e8te. Cela veut dire que ce sont les \u00e9tablissements h\u00f4teliers qui ont d\u00e9j\u00e0 la charge de nourrir les \u00e9quipes\u00a0\u00bb,\u00a0<\/em>\u00a0a-t-il inform\u00e9.<\/p>\n<p class=\"c7\">Une mesure qui vient grossir les rubriques de d\u00e9penses, mais qui fait la fiert\u00e9 des h\u00f4tels retenus pour le Chan qui voient ainsi leur taux de remplissage s\u2019accroitre. Il va toutefois falloir \u00eatre \u00e0 la mesure des attentes des diff\u00e9rentes d\u00e9l\u00e9gations.<\/p>\n<\/div>\n<p>Auteur: Christian DJIMADEU<br \/>\n<a href=\"https:\/\/www.journalducameroun.com\/cameroun-chan-2021-33-joueurs-par-equipe-pas-de-partage-de-chambre-dhotel-pour-eviter-la-covid-19-cameroun\/\">Cliquez ici pour lire l&rsquo;article depuis sa source.<\/a><\/p>\n","protected":false},"excerpt":{"rendered":"<p>Publi\u00e9 le 28.12.2020 \u00e0 19h58 par Christian Djimadeu Il s\u2019agit l\u00e0 de quelques mesures \u00e9dict\u00e9es par la Conf\u00e9d\u00e9ration africaine de football pour pr\u00e9venir la propagation de la Covid-19 pendant le sixi\u00e8me \u00e9dition du Championnat d\u2019Afrique des nations. Une \u00e9dition du Chan pas comme les autres en raison de la pand\u00e9mie de la Covid-19. Chaque \u00e9quipe [&hellip;]<\/p>\n","protected":false},"author":1965,"featured_media":0,"comment_status":"closed","ping_status":"closed","sticky":false,"template":"","format":"standard","meta":{"fifu_image_url":"","fifu_image_alt":"","footnotes":""},"categories":[73,82],"tags":[],"class_list":["post-108256","post","type-post","status-publish","format-standard","hentry","category-actualite","category-cameroun"],"_links":{"self":[{"href":"https:\/\/linitiative.ca\/International\/wp-json\/wp\/v2\/posts\/108256","targetHints":{"allow":["GET"]}}],"collection":[{"href":"https:\/\/linitiative.ca\/International\/wp-json\/wp\/v2\/posts"}],"about":[{"href":"https:\/\/linitiative.ca\/International\/wp-json\/wp\/v2\/types\/post"}],"author":[{"embeddable":true,"href":"https:\/\/linitiative.ca\/International\/wp-json\/wp\/v2\/users\/1965"}],"replies":[{"embeddable":true,"href":"https:\/\/linitiative.ca\/International\/wp-json\/wp\/v2\/comments?post=108256"}],"version-history":[{"count":0,"href":"https:\/\/linitiative.ca\/International\/wp-json\/wp\/v2\/posts\/108256\/revisions"}],"wp:attachment":[{"href":"https:\/\/linitiative.ca\/International\/wp-json\/wp\/v2\/media?parent=108256"}],"wp:term":[{"taxonomy":"category","embeddable":true,"href":"https:\/\/linitiative.ca\/International\/wp-json\/wp\/v2\/categories?post=108256"},{"taxonomy":"post_tag","embeddable":true,"href":"https:\/\/linitiative.ca\/International\/wp-json\/wp\/v2\/tags?post=108256"}],"curies":[{"name":"wp","href":"https:\/\/api.w.org\/{rel}","templated":true}]}}