{"id":108257,"date":"2020-12-28T15:18:02","date_gmt":"2020-12-28T20:18:02","guid":{"rendered":"https:\/\/linitiative.ca\/International\/maroc-mauritanie-examen-des-moyens-de-renforcer-la-cooperation-dans-le-domaine-de-lenseignement-superieur\/"},"modified":"2020-12-28T15:18:02","modified_gmt":"2020-12-28T20:18:02","slug":"maroc-mauritanie-examen-des-moyens-de-renforcer-la-cooperation-dans-le-domaine-de-lenseignement-superieur","status":"publish","type":"post","link":"https:\/\/linitiative.ca\/International\/maroc-mauritanie-examen-des-moyens-de-renforcer-la-cooperation-dans-le-domaine-de-lenseignement-superieur\/","title":{"rendered":"Maroc-Mauritanie : Examen des moyens de renforcer la coop\u00e9ration dans le domaine de l\u2019enseignement sup\u00e9rieur"},"content":{"rendered":"<div readability=\"32\">\n<p>Publi\u00e9 le 28.12.2020 \u00e0 21h18 par APA News<\/p>\n<\/div>\n<div readability=\"65\">\n<p>Les moyens \u00e0 m\u00eame de renforcer les relations entre le Maroc et la Mauritanie dans le domaine de l\u2019enseignement sup\u00e9rieur et de la recherche scientifique a \u00e9t\u00e9 au centre d\u2019une rencontre, tenue lundi \u00e0 Rabat, entre le ministre marocain de l\u2019\u00c9ducation nationale, de la Formation professionnelle, de l\u2019Enseignement sup\u00e9rieur et de la Recherche scientifique, Saaid Amzazi, avec son homologue mauritanien, Sidi Ould Salem.Cette rencontre a \u00e9t\u00e9 l\u2019occasion d\u2019examiner les perspectives de renforcer les relations de coop\u00e9ration exceptionnelles unissant le Maroc et la Mauritanie et les moyens \u00e0 m\u00eame de donner une impulsion aux relations bilat\u00e9rales dans les domaines li\u00e9s \u00e0 l\u2019enseignement sup\u00e9rieur et \u00e0 la recherche scientifique, indique un communiqu\u00e9 du minist\u00e8re.<\/p>\n<p>Elle a \u00e9galement port\u00e9 sur les moyens d\u2019\u00e9tablir des passerelles de partenariat entre les universit\u00e9s et les \u00e9tablissements de recherche marocains et mauritaniens, en particulier en mati\u00e8re d\u2019\u00e9change d\u2019exp\u00e9riences et d\u2019expertises, de soutien de la mobilit\u00e9 des \u00e9tudiants et des professeurs et de cotutelle des th\u00e8ses de doctorat, pr\u00e9cise la m\u00eame source.<\/p>\n<p>Le minist\u00e8re a par ailleurs mis en avant les relations distingu\u00e9es qui lient le Maroc et la R\u00e9publique Islamique de Mauritanie et ce, depuis la signature d\u2019un accord de partenariat culturel en 1972, suivie d\u2019une s\u00e9rie de conventions de partenariat et de programmes op\u00e9rationnels entre les gouvernements et les universit\u00e9s des deux pays.<\/p>\n<p>Plus de 1.200 \u00e9tudiants mauritaniens poursuivent leurs \u00e9tudes universitaires dans les \u00e9tablissements d\u2019enseignement sup\u00e9rieur public au Maroc au titre de l\u2019ann\u00e9e universitaire 2019-2020, r\u00e9partis entre les diff\u00e9rentes universit\u00e9s et sp\u00e9cialit\u00e9s acad\u00e9miques et scientifiques, rappelle-t-on.<\/p>\n<\/div>\n<p>Auteur: APA News<br \/>\n<a href=\"https:\/\/www.journalducameroun.com\/maroc-mauritanie-examen-des-moyens-de-renforcer-la-cooperation-dans-le-domaine-de-lenseignement-superieur\/\">Cliquez ici pour lire l&rsquo;article depuis sa source.<\/a><\/p>\n","protected":false},"excerpt":{"rendered":"<p>Publi\u00e9 le 28.12.2020 \u00e0 21h18 par APA News Les moyens \u00e0 m\u00eame de renforcer les relations entre le Maroc et la Mauritanie dans le domaine de l\u2019enseignement sup\u00e9rieur et de la recherche scientifique a \u00e9t\u00e9 au centre d\u2019une rencontre, tenue lundi \u00e0 Rabat, entre le ministre marocain de l\u2019\u00c9ducation nationale, de la Formation professionnelle, de [&hellip;]<\/p>\n","protected":false},"author":1965,"featured_media":0,"comment_status":"closed","ping_status":"closed","sticky":false,"template":"","format":"standard","meta":{"fifu_image_url":"","fifu_image_alt":"","footnotes":""},"categories":[73,82],"tags":[],"class_list":["post-108257","post","type-post","status-publish","format-standard","hentry","category-actualite","category-cameroun"],"_links":{"self":[{"href":"https:\/\/linitiative.ca\/International\/wp-json\/wp\/v2\/posts\/108257","targetHints":{"allow":["GET"]}}],"collection":[{"href":"https:\/\/linitiative.ca\/International\/wp-json\/wp\/v2\/posts"}],"about":[{"href":"https:\/\/linitiative.ca\/International\/wp-json\/wp\/v2\/types\/post"}],"author":[{"embeddable":true,"href":"https:\/\/linitiative.ca\/International\/wp-json\/wp\/v2\/users\/1965"}],"replies":[{"embeddable":true,"href":"https:\/\/linitiative.ca\/International\/wp-json\/wp\/v2\/comments?post=108257"}],"version-history":[{"count":0,"href":"https:\/\/linitiative.ca\/International\/wp-json\/wp\/v2\/posts\/108257\/revisions"}],"wp:attachment":[{"href":"https:\/\/linitiative.ca\/International\/wp-json\/wp\/v2\/media?parent=108257"}],"wp:term":[{"taxonomy":"category","embeddable":true,"href":"https:\/\/linitiative.ca\/International\/wp-json\/wp\/v2\/categories?post=108257"},{"taxonomy":"post_tag","embeddable":true,"href":"https:\/\/linitiative.ca\/International\/wp-json\/wp\/v2\/tags?post=108257"}],"curies":[{"name":"wp","href":"https:\/\/api.w.org\/{rel}","templated":true}]}}