{"id":108267,"date":"2020-12-29T08:33:33","date_gmt":"2020-12-29T13:33:33","guid":{"rendered":"https:\/\/linitiative.ca\/International\/%ef%bb%bfles-appreciations-des-chefs-dentreprises-pour-le-3-et-4eme-trimestre-2020\/"},"modified":"2020-12-29T08:33:33","modified_gmt":"2020-12-29T13:33:33","slug":"%ef%bb%bfles-appreciations-des-chefs-dentreprises-pour-le-3-et-4eme-trimestre-2020","status":"publish","type":"post","link":"https:\/\/linitiative.ca\/International\/%ef%bb%bfles-appreciations-des-chefs-dentreprises-pour-le-3-et-4eme-trimestre-2020\/","title":{"rendered":"\ufeffLes appr\u00e9ciations des chefs d\u2019entreprises pour le 3 et 4\u00e9me  trimestre 2020"},"content":{"rendered":"<p class=\"c2\"><strong>Production et commerce<\/strong><\/p>\n<p><strong>L\u2019industrie \u00e9nerg\u00e9tique, environnementale et \u00e9nerg\u00e9tique auraient connu une \u00e9volution favorable de leurs production au troisi\u00e8me trimestre 2020. Les carnets de commandes dans ces secteurs sont jug\u00e9s normales par les chefs d\u2019entreprises.<\/strong><\/p>\n<p>L\u2019industrie manufacturi\u00e8re a affich\u00e9 une baisse au 3\u00e9me trimestre attribu\u00e9e \u00e0 la diminution de la production dans les branches Industries alimentaires, \u00e9quipements \u00e9lectrique et fabrication de textile. La m\u00eame tendance est observ\u00e9e dans le secteur de la construction dont la baisse s\u2019explique par la diminution d\u2019activit\u00e9 dans les branches des \u00abTravaux de construction sp\u00e9cialis\u00e9s\u00bb et du \u00ab G\u00e9nie civil \u00bb.<\/p>\n<p><strong>Industrie\u00a0\u00a0\u00a0<\/strong><\/p>\n<p>Au 3<sup>\u00e8me<\/sup> trimestre 2020, la production de l\u2019industrie manufacturi\u00e8re aurait connu une baisse, r\u00e9sultat d\u2019une diminution de la production dans les branches des \u00abIndustries alimentaires\u00bb, de la \u00abFabrication d\u2019\u00e9quipements \u00e9lectriques\u00bb et de la \u00abFabrication de textiles\u00bb et d\u2019une augmentation de la production dans les branches de la \u00abFabrication d\u2019autres produits min\u00e9raux non m\u00e9talliques\u00bb et de la \u00abFabrication de boissons\u00bb.<\/p>\n<p>Les carnets de commandes du secteur sont jug\u00e9s d\u2019un niveau inf\u00e9rieur \u00e0 la normale par les chefs d\u2019entreprises. Globalement, le taux d\u2019utilisation des capacit\u00e9s de production (TUC) dans l\u2019industrie manufacturi\u00e8re se serait \u00e9tabli \u00e0 76%.Au 3<sup>\u00e8me<\/sup> trimestre 2020, la production de l\u2019industrie extractive aurait affich\u00e9 une hausse imputable \u00e0 une augmentation de la production d\u2019\u00abAutres industries extractives\u00bb.<\/p>\n<p>Les carnets de commande se seraient situ\u00e9s \u00e0 un niveau normal et l\u2019emploi aurait connu une diminution.<\/p>\n<p>Au titre du 3<sup>\u00e8me<\/sup> trimestre 2020, la production de l\u2019industrie \u00e9nerg\u00e9tique aurait connu une hausse due principalement \u00e0 une augmentation de la \u00abProduction et distribution\u00a0d\u2019\u00e9lectricit\u00e9, de gaz, de vapeur et d\u2019air conditionn\u00e9\u00bb. S\u2019agissant des carnets de commandes, ils sont jug\u00e9s d\u2019un niveau normal. L\u2019emploi, quant \u00e0 lui, aurait connu une diminution. Dans ces conditions, le TUC dans l\u2019industrie \u00e9nerg\u00e9tique se serait \u00e9tabli \u00e0 92%.<\/p>\n<p>La production de l\u2019industrie environnementale aurait enregistr\u00e9 une augmentation imputable \u00e0 une hausse de l\u2019activit\u00e9 du \u00abCaptage, traitement et distribution d\u2019eau\u00bb. En ce qui concerne les carnets de commandes de ce secteur, ils se seraient \u00e9tablis \u00e0 un niveau normal et l\u2019emploi aurait connu une augmentation. Dans ces conditions, le TUC dans l\u2019industrie environnementale se serait \u00e9tabli \u00e0 76%.<\/p>\n<p>Les carnets de commande se seraient situ\u00e9s \u00e0 un niveau normal et l\u2019emploi aurait connu une diminution.<\/p>\n<p>Au titre du 3<sup>\u00e8me<\/sup> trimestre 2020, la production de l\u2019industrie \u00e9nerg\u00e9tique aurait connu une hausse due principalement \u00e0 une augmentation de la \u00abProduction et distribution\u00a0d\u2019\u00e9lectricit\u00e9, de gaz, de vapeur et d\u2019air conditionn\u00e9\u00bb. S\u2019agissant des carnets de commandes, ils sont jug\u00e9s d\u2019un niveau normal. L\u2019emploi, quant \u00e0 lui, aurait connu une diminution. Dans ces conditions, le TUC dans l\u2019industrie \u00e9nerg\u00e9tique se serait \u00e9tabli \u00e0 92%.<\/p>\n<p><strong>Secteur de la Construction<\/strong><\/p>\n<p>Au 3<sup>\u00e8me<\/sup> trimestre 2020, l\u2019activit\u00e9 dans le secteur de la construction aurait connu une baisse. Cette \u00e9volution aurait \u00e9t\u00e9 due, d\u2019une part, \u00e0 la diminution d\u2019activit\u00e9 dans les branches des \u00abTravaux de construction sp\u00e9cialis\u00e9s\u00bb et du \u00ab\u00a0G\u00e9nie civil\u00a0\u00bb et, d\u2019autre part, \u00e0 la hausse d\u2019activit\u00e9 dans la branche de la \u00ab construction de b\u00e2timents \u00bb.<\/p>\n<p>Les carnets de commande dans la construction se seraient situ\u00e9s \u00e0 un niveau inf\u00e9rieur \u00e0 la normale et l\u2019emploi aurait connu une baisse. Dans ces conditions, le TUC dans le secteur de la Construction se serait \u00e9tabli \u00e0 62%.<\/p>\n<p><strong>Pr\u00e9vision de la production par secteur au 4\u00e9me trimestre<\/strong><\/p>\n<p><strong>Secteur de l\u2019Industrie<\/strong><\/p>\n<p>Au 4<sup>\u00e8me<\/sup> trimestre 2020, les entreprises de l\u2019industrie manufacturi\u00e8re s\u2019attendent \u00e0 une l\u00e9g\u00e8re augmentation de leur production. Ces anticipations seraient attribuables, d\u2019une part, \u00e0 une hausse de l\u2019activit\u00e9 de la \u00abFabrication d\u2019autres produits min\u00e9raux non m\u00e9talliques\u00bb et de l\u2019\u00abIndustrie chimique\u00bb et, d\u2019autre part, \u00e0 une diminution de celle de la \u00abFabrication de produits en caoutchouc et en plastique\u00bb et des \u00abIndustries alimentaires\u00bb. Concernant les anticipations de l\u2019emploi, les industriels pr\u00e9voient globalement une stabilit\u00e9 des effectifs employ\u00e9s.<\/p>\n<p>S\u2019agissant de l\u2019industrie extractive, les entreprises de ce secteur pr\u00e9voient une hausse de leur production. Cette \u00e9volution serait imputable principalement \u00e0 une augmentation de la production des phosphates. Au niveau des effectifs employ\u00e9s, les patrons de ce secteur pr\u00e9voient une diminution.<\/p>\n<p>La production \u00e9nerg\u00e9tique attendue pour le 4<sup>\u00e8me<\/sup> trimestre 2020, conna\u00eetrait une diminution attribuable \u00e0 une baisse de la \u00abProduction et distribution d\u2019\u00e9lectricit\u00e9, de gaz, de vapeur et d\u2019air conditionn\u00e9\u00bb. Pour ce qui est de l\u2019emploi, il conna\u00eetrait \u00e9galement une diminution.<\/p>\n<p>Pour le m\u00eame trimestre, les entreprises de l\u2019industrie environnementale anticipent une augmentation de la production notamment dans les activit\u00e9s du \u00abCaptage, traitement et distribution d\u2019eau\u00bb et une stabilit\u00e9 des effectifs employ\u00e9s.\u00a0\u00a0\u00a0\u00a0<\/p>\n<p><strong>Secteur de la Construction<\/strong><\/p>\n<p>Les anticipations avanc\u00e9es par les chefs d\u2019entreprises du secteur de la Construction, pour le 4<sup>\u00e8me<\/sup> trimestre 2020, font ressortir, globalement, une l\u00e9g\u00e8re diminution de l\u2019activit\u00e9. Cette \u00e9volution r\u00e9sulterait, d\u2019une part, de la baisse d\u2019activit\u00e9 pr\u00e9vue au niveau des branches des \u00abTravaux de construction sp\u00e9cialis\u00e9s\u00bb et du \u00abG\u00e9nie civil\u00bb et, d\u2019autre part, de la hausse d\u2019activit\u00e9 attendue dans la branche de la \u00abconstruction de b\u00e2timents \u00bb. Cette baisse dans le secteur de la construction serait accompagn\u00e9e par une baisse des effectifs employ\u00e9s.<\/p>\n<p>Auteur: M&rsquo;hammed rahal<br \/>\n<a href=\"http:\/\/albayane.press.ma\/%EF%BB%BFles-appreciations-des-chefs-dentreprises-pour-le-3-et-4eme-trimestre-2020.html\">Cliquez ici pour lire l&rsquo;article depuis sa source.<\/a><\/p>\n","protected":false},"excerpt":{"rendered":"<p>Production et commerce L\u2019industrie \u00e9nerg\u00e9tique, environnementale et \u00e9nerg\u00e9tique auraient connu une \u00e9volution favorable de leurs production au troisi\u00e8me trimestre 2020. Les carnets de commandes dans ces secteurs sont jug\u00e9s normales par les chefs d\u2019entreprises. L\u2019industrie manufacturi\u00e8re a affich\u00e9 une baisse au 3\u00e9me trimestre attribu\u00e9e \u00e0 la diminution de la production dans les branches Industries alimentaires, [&hellip;]<\/p>\n","protected":false},"author":1760,"featured_media":0,"comment_status":"closed","ping_status":"closed","sticky":false,"template":"","format":"standard","meta":{"fifu_image_url":"","fifu_image_alt":"","footnotes":""},"categories":[73,54],"tags":[],"class_list":["post-108267","post","type-post","status-publish","format-standard","hentry","category-actualite","category-maroc"],"_links":{"self":[{"href":"https:\/\/linitiative.ca\/International\/wp-json\/wp\/v2\/posts\/108267","targetHints":{"allow":["GET"]}}],"collection":[{"href":"https:\/\/linitiative.ca\/International\/wp-json\/wp\/v2\/posts"}],"about":[{"href":"https:\/\/linitiative.ca\/International\/wp-json\/wp\/v2\/types\/post"}],"author":[{"embeddable":true,"href":"https:\/\/linitiative.ca\/International\/wp-json\/wp\/v2\/users\/1760"}],"replies":[{"embeddable":true,"href":"https:\/\/linitiative.ca\/International\/wp-json\/wp\/v2\/comments?post=108267"}],"version-history":[{"count":0,"href":"https:\/\/linitiative.ca\/International\/wp-json\/wp\/v2\/posts\/108267\/revisions"}],"wp:attachment":[{"href":"https:\/\/linitiative.ca\/International\/wp-json\/wp\/v2\/media?parent=108267"}],"wp:term":[{"taxonomy":"category","embeddable":true,"href":"https:\/\/linitiative.ca\/International\/wp-json\/wp\/v2\/categories?post=108267"},{"taxonomy":"post_tag","embeddable":true,"href":"https:\/\/linitiative.ca\/International\/wp-json\/wp\/v2\/tags?post=108267"}],"curies":[{"name":"wp","href":"https:\/\/api.w.org\/{rel}","templated":true}]}}