{"id":108268,"date":"2020-12-29T08:39:03","date_gmt":"2020-12-29T13:39:03","guid":{"rendered":"https:\/\/linitiative.ca\/International\/feu-vert-des-27-a-une-application-au-1er-janvier\/"},"modified":"2020-12-29T08:39:03","modified_gmt":"2020-12-29T13:39:03","slug":"feu-vert-des-27-a-une-application-au-1er-janvier","status":"publish","type":"post","link":"https:\/\/linitiative.ca\/International\/feu-vert-des-27-a-une-application-au-1er-janvier\/","title":{"rendered":"feu vert des 27 \u00e0 une application au 1er janvier"},"content":{"rendered":"<p class=\"c2\"><strong>Accord post-Brexit<\/strong><\/p>\n<p><strong>Les repr\u00e9sentants des Vingt-Sept ont donn\u00e9 leur feu vert lundi \u00e0 une application provisoire au 1er janvier de l\u2019accord commercial post-Brexit conclu entre Bruxelles et Londres, en attendant son approbation par les eurod\u00e9put\u00e9s au premier trimestre 2021.<\/strong><\/p>\n<p>Les ambassadeurs des Etats membres de l\u2019Union europ\u00e9enne \u00ab\u00a0ont unanimement approuv\u00e9 l\u2019application provisoire au 1er janvier 2021\u00a0\u00bb, a tweet\u00e9 un porte-parole de la pr\u00e9sidence allemande de l\u2019UE. Les gouvernements des Etats membres doivent formellement endosser et signer l\u2019accord d\u2019ici \u00e0 mardi 15H00 (14H00 GMT), a-t-il pr\u00e9cis\u00e9.<\/p>\n<p>A Berlin, une porte-parole de la chanceli\u00e8re Angela Merkel, Ulrike Demmer, a confirm\u00e9 que \u00ab\u00a0l\u2019Allemagne peut accepter l\u2019accord n\u00e9goci\u00e9\u00a0\u00bb, \u00e0 l\u2019issue d\u2019une conf\u00e9rence t\u00e9l\u00e9phonique du gouvernement sur le texte. Idem \u00e0 Paris, o\u00f9 l\u2019Elys\u00e9e pr\u00e9cise que la France sera d\u00e8s le premier jour \u00ab\u00a0tr\u00e8s vigilante\u00a0\u00bb envers la bonne mise en oeuvre de l\u2019accord.<\/p>\n<p>L\u2019approbation formelle des Vingt-Sept pourrait \u00eatre marqu\u00e9e \u00ab\u00a0mardi soir ou mercredi\u00a0\u00bb par une visioconf\u00e9rence des chefs d\u2019Etat et de gouvernement, de la pr\u00e9sidente de la Commission europ\u00e9enne Ursula von der Leyen et du pr\u00e9sident du Conseil europ\u00e9en (l\u2019instance repr\u00e9sentant les 27) Charles Michel, selon une source diplomatique.<\/p>\n<p>Le texte sera publi\u00e9 au Journal officiel de l\u2019UE d\u2019ici jeudi pour permettre son entr\u00e9e en vigueur au 1er janvier. Son application ne sera que temporaire \u00e0 cette date, en attendant sa ratification par le Parlement europ\u00e9en qui n\u2019interviendra qu\u2019en 2021.<\/p>\n<p>L\u2019accord pr\u00e9voit une application provisoire jusqu\u2019au 28 f\u00e9vrier \u00e0 moins qu\u2019une autre date butoir ne soit d\u00e9cid\u00e9e de concert par les deux parties.<\/p>\n<p>Les chefs des groupes politiques au Parlement europ\u00e9en, \u00e0 l\u2019issue d\u2019un \u00e9change lundi avec le pr\u00e9sident de l\u2019institution David Sassoli, la pr\u00e9sidente de la Commission europ\u00e9enne Ursula von der Leyen et le n\u00e9gociateur de l\u2019UE Michel Barnier, ont propos\u00e9 \u00ab\u00a0une courte extension\u00a0\u00bb de ce d\u00e9lai.<\/p>\n<p>Sans fixer de date pr\u00e9cise, ils souhaitent que la ratification ait lieu en mars, le temps de pouvoir analyser le document long de 1.250 pages.<\/p>\n<p>A d\u00e9faut d\u2019un accord britannique pour ce report, \u00ab\u00a0l\u2019option de secours serait d\u2019organiser une s\u00e9ance pl\u00e9ni\u00e8re extraordinaire (pour se prononcer sur l\u2019accord) fin f\u00e9vrier, possiblement le 23 f\u00e9vrier\u00a0\u00bb, indique un compte-rendu de leur r\u00e9union consult\u00e9 par l\u2019AFP.<\/p>\n<p>Les eurod\u00e9put\u00e9s ont par ailleurs d\u00e9plor\u00e9 que la conclusion d\u2019un accord de derni\u00e8re minute n\u2019ait pas permis de d\u00e9lib\u00e9rations parlementaires avant la fin de l\u2019ann\u00e9e: cette application provisoire \u00ab\u00a0doit rester une exception\u00a0\u00bb et \u00ab\u00a0ne constitue pas un pr\u00e9c\u00e9dent\u00a0\u00bb, ont-ils averti.<\/p>\n<p>Les d\u00e9put\u00e9s britanniques ont, eux, \u00e9t\u00e9 convoqu\u00e9s ce mercredi 30 d\u00e9cembre en vue de d\u00e9battre de l\u2019accord, ce qui s\u2019annonce comme une formalit\u00e9 \u00e9tant donn\u00e9 la majorit\u00e9 dont dispose le gouvernement conservateur de Boris Johnson et le soutien de l\u2019opposition travailliste.<\/p>\n<p>\u00ab\u00a0Nous sommes impatients de voir la ratification formelle de l\u2019accord et de travailler ensemble sur des priorit\u00e9s partag\u00e9es, comme la lutte contre le changement climatique\u00a0\u00bb, a tweet\u00e9 le Premier ministre britannique Boris Johnson apr\u00e8s un entretien avec Charles Michel.<\/p>\n<p>Ce dernier a fait part d\u2019une m\u00eame impatience \u00e0 \u00ab\u00a0coop\u00e9rer\u00a0\u00bb avec Londres \u00ab\u00a0sur le Covid, sur un possible trait\u00e9 sur les pand\u00e9mies\u00a0\u00bb, \u00ab\u00a0sur le climat avant la COP26\u00a0\u00bb \u00e0 Glasgow en 2021, et \u00ab\u00a0sur des dossiers de politique \u00e9trang\u00e8re en tant qu\u2019alli\u00e9s partageant des valeurs communes\u00a0\u00bb.<\/p>\n<p>Londres et Bruxelles sont parvenus le jeudi 24 d\u00e9cembre, \u00e0 l\u2019issue de n\u00e9gociations harassantes, \u00e0 un accord de libre-\u00e9change post-Brexit, permettant in extremis d\u2019\u00e9viter un \u00ab\u00a0no deal\u00a0\u00bb potentiellement d\u00e9vastateur pour leurs \u00e9conomies.<\/p>\n<p>La p\u00e9riode de transition, en cours depuis la sortie du Royaume-Uni de l\u2019UE en janvier 2020, se termine fin d\u00e9cembre avec la sortie des Britanniques du march\u00e9 unique.<\/p>\n<p>Avec ce partenariat \u00e9conomique et commercial, l\u2019UE offre \u00e0 Londres un acc\u00e8s sans droits de douane ni quotas \u00e0 son march\u00e9 de 450 millions de consommateurs, mais pr\u00e9voit des sanctions et mesures compensatoires en cas de non respect de ses r\u00e8gles en mati\u00e8re d\u2019aides d\u2019Etat, d\u2019environnement, de droit du travail et de fiscalit\u00e9 pour \u00e9viter tout dumping.<\/p>\n<p>Le compromis difficilement trouv\u00e9 sur la p\u00eache pr\u00e9voit une p\u00e9riode de transition jusqu\u2019en juin 2026, \u00e0 l\u2019issue de laquelle les Europ\u00e9ens auront progressivement renonc\u00e9 \u00e0 25% de leurs prises dans les eaux du Royaume-Uni. Il suscitait lundi la col\u00e8re des p\u00eacheurs britanniques qui se disaient \u00ab\u00a0trahis\u00a0\u00bb et \u00ab\u00a0sacrifi\u00e9s\u00a0\u00bb par Boris Johnson.<\/p>\n<p>Auteur: M&rsquo;hammed rahal<br \/>\n<a href=\"http:\/\/albayane.press.ma\/feu-vert-des-27-a-une-application-au-1er-janvier.html\">Cliquez ici pour lire l&rsquo;article depuis sa source.<\/a><\/p>\n","protected":false},"excerpt":{"rendered":"<p>Accord post-Brexit Les repr\u00e9sentants des Vingt-Sept ont donn\u00e9 leur feu vert lundi \u00e0 une application provisoire au 1er janvier de l\u2019accord commercial post-Brexit conclu entre Bruxelles et Londres, en attendant son approbation par les eurod\u00e9put\u00e9s au premier trimestre 2021. Les ambassadeurs des Etats membres de l\u2019Union europ\u00e9enne \u00ab\u00a0ont unanimement approuv\u00e9 l\u2019application provisoire au 1er janvier [&hellip;]<\/p>\n","protected":false},"author":1760,"featured_media":0,"comment_status":"closed","ping_status":"closed","sticky":false,"template":"","format":"standard","meta":{"fifu_image_url":"","fifu_image_alt":"","footnotes":""},"categories":[73,54],"tags":[],"class_list":["post-108268","post","type-post","status-publish","format-standard","hentry","category-actualite","category-maroc"],"_links":{"self":[{"href":"https:\/\/linitiative.ca\/International\/wp-json\/wp\/v2\/posts\/108268","targetHints":{"allow":["GET"]}}],"collection":[{"href":"https:\/\/linitiative.ca\/International\/wp-json\/wp\/v2\/posts"}],"about":[{"href":"https:\/\/linitiative.ca\/International\/wp-json\/wp\/v2\/types\/post"}],"author":[{"embeddable":true,"href":"https:\/\/linitiative.ca\/International\/wp-json\/wp\/v2\/users\/1760"}],"replies":[{"embeddable":true,"href":"https:\/\/linitiative.ca\/International\/wp-json\/wp\/v2\/comments?post=108268"}],"version-history":[{"count":0,"href":"https:\/\/linitiative.ca\/International\/wp-json\/wp\/v2\/posts\/108268\/revisions"}],"wp:attachment":[{"href":"https:\/\/linitiative.ca\/International\/wp-json\/wp\/v2\/media?parent=108268"}],"wp:term":[{"taxonomy":"category","embeddable":true,"href":"https:\/\/linitiative.ca\/International\/wp-json\/wp\/v2\/categories?post=108268"},{"taxonomy":"post_tag","embeddable":true,"href":"https:\/\/linitiative.ca\/International\/wp-json\/wp\/v2\/tags?post=108268"}],"curies":[{"name":"wp","href":"https:\/\/api.w.org\/{rel}","templated":true}]}}