{"id":108269,"date":"2020-12-29T08:41:50","date_gmt":"2020-12-29T13:41:50","guid":{"rendered":"https:\/\/linitiative.ca\/International\/trois-soldats-francais-tues-dans-la-zone-des-trois-frontieres-au-mali\/"},"modified":"2020-12-29T08:41:50","modified_gmt":"2020-12-29T13:41:50","slug":"trois-soldats-francais-tues-dans-la-zone-des-trois-frontieres-au-mali","status":"publish","type":"post","link":"https:\/\/linitiative.ca\/International\/trois-soldats-francais-tues-dans-la-zone-des-trois-frontieres-au-mali\/","title":{"rendered":"Trois soldats fran\u00e7ais tu\u00e9s dans la zone des \u00abtrois fronti\u00e8res\u00bb au Mali"},"content":{"rendered":"<p><strong>Trois soldats fran\u00e7ais ont \u00e9t\u00e9 tu\u00e9s lundi par une bombe artisanale dans la zone des \u00ab\u00a0trois fronti\u00e8res\u00a0\u00bb, dans le centre du Mali, o\u00f9 la force antiterroriste fran\u00e7aise Barkhane concentre ses efforts depuis janvier.<\/strong><\/p>\n<p>\u00ab\u00a0Leur v\u00e9hicule blind\u00e9 a \u00e9t\u00e9 atteint par un engin explosif improvis\u00e9 alors qu\u2019ils participaient \u00e0 une op\u00e9ration dans la r\u00e9gion de Hombori\u00a0\u00bb, dans le Gourma malien, a annonc\u00e9 la pr\u00e9sidence fran\u00e7aise dans un communiqu\u00e9.<\/p>\n<p>Ces trois d\u00e9c\u00e8s portent \u00e0 47 le nombre de soldats fran\u00e7ais tu\u00e9s au Sahel depuis 2013 dans les op\u00e9rations Serval puis Barkhane. Le bilan s\u2019\u00e9tablit \u00e0 48 si on y ajoute un soldat mort au Tchad en 2013 dans le cadre de l\u2019op\u00e9ration Epervier.<\/p>\n<p>Le brigadier-chef Tanerii Mauri et les chasseurs de 1\u00e8re classe Quentin Pauchet et Dorian Issakhanian, qui appartenaient au 1er r\u00e9giment de chasseurs de Thierville-sur-Meuse (Meuse), pr\u00e8s de Verdun, effectuaient une mission d\u2019escorte entre Hombori et Gossi, dans une zone frontali\u00e8re du Niger et du Burkina Faso.<\/p>\n<p>Le pr\u00e9sident Emmanuel Macron a fait part de sa \u00ab\u00a0tr\u00e8s grande \u00e9motion\u00a0\u00bb et \u00ab\u00a0salu\u00e9 la m\u00e9moire\u00a0\u00bb des trois militaires, \u00ab\u00a0morts pour la France dans l\u2019accomplissement de leur mission\u00a0\u00bb.<\/p>\n<p>Il a aussi rappel\u00e9 la \u00ab\u00a0d\u00e9termination de la France \u00e0 poursuivre la lutte contre le terrorisme\u00a0\u00bb, notamment dans cette r\u00e9gion o\u00f9 s\u00e9vit l\u2019Etat islamique au Grand Sahel (EIGS), d\u00e9cr\u00e9t\u00e9 ennemi num\u00e9ro un lors du sommet de Pau (sud-ouest de la France) en janvier 2020.<\/p>\n<p>Dans un message de condol\u00e9ances, le pr\u00e9sident de transition malien Bah Ndaw a exprim\u00e9 de nouveau sa \u00ab\u00a0gratitude \u00e0 la Nation fran\u00e7aise pour l\u2019engagement multiforme et militaire en particulier, aux c\u00f4t\u00e9s du Mali et ce, dans le cadre de la lutte contre le terrorisme.\u00a0\u00bb<\/p>\n<p>Ces derniers mois, l\u2019arm\u00e9e fran\u00e7aise \u2013 qui a d\u00e9ploy\u00e9 5.100 hommes au Sahel \u2013 et celles des pays africains du G5 Sahel ont multipli\u00e9 les offensives, en particulier dans la zone dite des \u00ab\u00a0trois fronti\u00e8res\u00a0\u00bb.<\/p>\n<p>Le chef d\u2019\u00e9tat-major des Arm\u00e9es fran\u00e7aises, le g\u00e9n\u00e9ral Fran\u00e7ois Lecointre, s\u2019\u00e9tait d\u2019ailleurs rendu \u00e0 Hombori ainsi qu\u2019au Niger les 10 et 11 d\u00e9cembre. Il avait alors salu\u00e9 les \u00ab\u00a0nombreux succ\u00e8s tactiques\u00a0\u00bb et \u00ab\u00a0l\u2019am\u00e9lioration de la situation s\u00e9curitaire dans la zone\u00a0\u00bb.<\/p>\n<p>Le chef militaire, tout comme la ministre des Arm\u00e9es Florence Parly, se sont inclin\u00e9s devant la m\u00e9moire des trois soldats et ont pr\u00e9sent\u00e9 leurs condol\u00e9ances \u00e0 \u00ab\u00a0leurs familles, leurs proches et leurs fr\u00e8res d\u2019armes\u00a0\u00bb.<\/p>\n<p>Ils \u00e9taient \u00ab\u00a0engag\u00e9s dans une zone o\u00f9 des groupes terroristes attaquent les populations civiles et menacent la stabilit\u00e9 r\u00e9gionale, tout comme notre propre s\u00e9curit\u00e9\u00a0\u00bb, a relev\u00e9 Florence Parly.<\/p>\n<p>La classe politique fran\u00e7aise dans son ensemble leur a aussi rendu hommage lundi soir. Le chef du PS Olivier Faure a exprim\u00e9 \u00ab\u00a0reconnaissance et respect\u00a0\u00bb. \u00ab\u00a0La guerre contre l\u2019islamisme est loin d\u2019\u00eatre termin\u00e9e\u00a0\u00bb, a rench\u00e9ri le maire Rassemblement national (RN) de Perpignan, Louis Aliot.<\/p>\n<p>Les trois soldats \u00e9taient \u00e2g\u00e9s de 21, 23 et 28 ans. Pilote de v\u00e9hicule blind\u00e9 l\u00e9ger, tireur antichar et adjoint chef de patrouille, ils \u00e9taient d\u00e9ploy\u00e9s pour la premi\u00e8re fois au Sahel depuis la mi-novembre.<\/p>\n<p>Ils n\u2019ont pu \u00eatre ranim\u00e9s malgr\u00e9 \u00ab\u00a0l\u2019intervention imm\u00e9diate de l\u2019\u00e9quipe m\u00e9dicale pr\u00e9sente dans le convoi et les soins prodigu\u00e9s\u00a0\u00bb, a d\u00e9plor\u00e9 l\u2019\u00e9tat-major des arm\u00e9es dans un communiqu\u00e9.<\/p>\n<p>Barkhane et la force conjointe du G5 Sahel ont revendiqu\u00e9 la \u00ab\u00a0neutralisation\u00a0\u00bb de plusieurs dizaines de jihadistes ces derni\u00e8res semaines.<br \/>Face \u00e0 ces succ\u00e8s, la France envisage un retour \u00e0 ses effectifs d\u2019avant le sommet de Pau \u2013 ils avaient alors \u00e9t\u00e9 augment\u00e9s de 600 soldats.<\/p>\n<p>Une telle r\u00e9duction est toutefois jug\u00e9e \u00ab\u00a0pr\u00e9matur\u00e9e\u00a0\u00bb par le commandant de la force conjointe du G5 Sahel, le g\u00e9n\u00e9ral nig\u00e9rien Oumarou Namata Gazama.<\/p>\n<p>La force Barkhane vise aussi des cadres de haut niveau d\u2019Al-Qa\u00efda au Maghreb islamique (Aqmi), une organisation concurrente de l\u2019EIGS active dans le nord du Mali.<\/p>\n<p>Elle a ainsi neutralis\u00e9 le chef historique d\u2019Aqmi, l\u2019Alg\u00e9rien Abdelmalek Droukdal, en juin et un de ses chefs militaires en novembre.<\/p>\n<p>Face \u00e0 la persistance des violences jihadistes, doubl\u00e9es de conflits intercommunautaires, les autorit\u00e9s de transition au Mali n\u2019excluent pas d\u2019engager des n\u00e9gociations avec des groupes arm\u00e9s, tout comme avant elles le pr\u00e9sident Ibrahim Boubacar Ke\u00efta, emport\u00e9 par un putsch en ao\u00fbt.<\/p>\n<p>La France, qui affiche une position plus intransigeante, a admis toutefois ne pas s\u2019opposer \u00e0 des n\u00e9gociations avec certains \u00e9l\u00e9ments jihadistes, \u00e0 l\u2019exception fondamentale des directions d\u2019Al-Qa\u00efda et du groupe \u00c9tat islamique.<\/p>\n<p>Auteur: M&rsquo;hammed rahal<br \/>\n<a href=\"http:\/\/albayane.press.ma\/trois-soldats-francais-tues-dans-la-zone-des-trois-frontieres-au-mali.html\">Cliquez ici pour lire l&rsquo;article depuis sa source.<\/a><\/p>\n","protected":false},"excerpt":{"rendered":"<p>Trois soldats fran\u00e7ais ont \u00e9t\u00e9 tu\u00e9s lundi par une bombe artisanale dans la zone des \u00ab\u00a0trois fronti\u00e8res\u00a0\u00bb, dans le centre du Mali, o\u00f9 la force antiterroriste fran\u00e7aise Barkhane concentre ses efforts depuis janvier. \u00ab\u00a0Leur v\u00e9hicule blind\u00e9 a \u00e9t\u00e9 atteint par un engin explosif improvis\u00e9 alors qu\u2019ils participaient \u00e0 une op\u00e9ration dans la r\u00e9gion de Hombori\u00a0\u00bb, [&hellip;]<\/p>\n","protected":false},"author":1760,"featured_media":0,"comment_status":"closed","ping_status":"closed","sticky":false,"template":"","format":"standard","meta":{"fifu_image_url":"","fifu_image_alt":"","footnotes":""},"categories":[73,54],"tags":[],"class_list":["post-108269","post","type-post","status-publish","format-standard","hentry","category-actualite","category-maroc"],"_links":{"self":[{"href":"https:\/\/linitiative.ca\/International\/wp-json\/wp\/v2\/posts\/108269","targetHints":{"allow":["GET"]}}],"collection":[{"href":"https:\/\/linitiative.ca\/International\/wp-json\/wp\/v2\/posts"}],"about":[{"href":"https:\/\/linitiative.ca\/International\/wp-json\/wp\/v2\/types\/post"}],"author":[{"embeddable":true,"href":"https:\/\/linitiative.ca\/International\/wp-json\/wp\/v2\/users\/1760"}],"replies":[{"embeddable":true,"href":"https:\/\/linitiative.ca\/International\/wp-json\/wp\/v2\/comments?post=108269"}],"version-history":[{"count":0,"href":"https:\/\/linitiative.ca\/International\/wp-json\/wp\/v2\/posts\/108269\/revisions"}],"wp:attachment":[{"href":"https:\/\/linitiative.ca\/International\/wp-json\/wp\/v2\/media?parent=108269"}],"wp:term":[{"taxonomy":"category","embeddable":true,"href":"https:\/\/linitiative.ca\/International\/wp-json\/wp\/v2\/categories?post=108269"},{"taxonomy":"post_tag","embeddable":true,"href":"https:\/\/linitiative.ca\/International\/wp-json\/wp\/v2\/tags?post=108269"}],"curies":[{"name":"wp","href":"https:\/\/api.w.org\/{rel}","templated":true}]}}