{"id":108285,"date":"2020-12-28T17:12:39","date_gmt":"2020-12-28T22:12:39","guid":{"rendered":"https:\/\/linitiative.ca\/International\/vers-le-lancement-dune-revue-pedagogique-specialisee\/"},"modified":"2020-12-28T17:12:39","modified_gmt":"2020-12-28T22:12:39","slug":"vers-le-lancement-dune-revue-pedagogique-specialisee","status":"publish","type":"post","link":"https:\/\/linitiative.ca\/International\/vers-le-lancement-dune-revue-pedagogique-specialisee\/","title":{"rendered":"Vers le lancement d\u2019une revue p\u00e9dagogique sp\u00e9cialis\u00e9e"},"content":{"rendered":"<div readability=\"37\">\n<p>Marrakech \u2013 Une r\u00e9union de coordination consacr\u00e9e \u00e0 l\u2019examen de la production conjointe d\u2019une revue p\u00e9dagogique sp\u00e9cialis\u00e9e a \u00e9t\u00e9 tenue, r\u00e9cemment dans la cit\u00e9 ocre, entre l\u2019Acad\u00e9mie R\u00e9gionale de l\u2019Education et de la Formation (AREF) de Marrakech-Safi et l\u2019Ecole Normale Sup\u00e9rieure (ENS).<\/p>\n<\/div>\n<div readability=\"78\">\n<p>Cette rencontre, qui intervient dans le cadre du partenariat distingu\u00e9 et de la coop\u00e9ration fructueuse entre l\u2019AREF et l\u2019ENS relevant de l\u2019Universit\u00e9 Cadi Ayyad (UCA) de Marrakech, afin de promouvoir la recherche et de contribuer au d\u00e9veloppement du mod\u00e8le p\u00e9dagogique, a \u00e9t\u00e9 pr\u00e9sid\u00e9e par le directeur de l\u2019Acad\u00e9mie r\u00e9gionale, Moulay Ahmed Karimi, et la directrice de l\u2019ENS, Mme Khadija El Hariri, en pr\u00e9sence de nombreux acteurs concern\u00e9s repr\u00e9sentant les deux parties (enseignants-chercheurs, inspecteurs sp\u00e9cialis\u00e9s, chefs de services\u2026), rel\u00e8ve un communiqu\u00e9 publi\u00e9 \u00e0 l\u2019issue de cette r\u00e9union.<\/p>\n<p>A cette occasion, Mme El Hariri a pr\u00e9sent\u00e9 un expos\u00e9 exhaustif sur la conception g\u00e9n\u00e9rale sugg\u00e9r\u00e9e pour le lancement de la production de cette publication.<\/p>\n<p>De leur c\u00f4t\u00e9, les diff\u00e9rents intervenants ont fait part de leurs propositions dans ce sens, \u00e0 m\u00eame d\u2019enrichir la conception et le lancement de ce nouveau-n\u00e9 p\u00e9dagogique.<\/p>\n<p>Cette r\u00e9union a \u00e9t\u00e9 \u00e9galement l\u2019occasion de mettre en \u00e9vidence l\u2019un des principaux domaines de coop\u00e9ration et de partenariat entre l\u2019AREF et l\u2019ENS de Marrakech, sachant que l\u2019objectif essentiel est d\u2019encourager l\u2019innovation scientifique et la recherche p\u00e9dagogique et de favoriser l\u2019excellence, la compl\u00e9mentarit\u00e9 et la convergence dans la formation de base et continue, \u00e0 travers l\u2019\u00e9change d\u2019exp\u00e9riences, l\u2019organisation de s\u00e9minaires et le soutien \u00e0 la production de supports pratiques et de contenus p\u00e9dagogiques.<\/p>\n<p>Les deux parties ont, en outre, convenu d\u2019accompagner les projets de la loi-cadre 51.17, d\u2019oeuvrer en vue de l\u2019am\u00e9lioration de l\u2019enseignement et du renforcement de la recherche et de l\u2019innovation \u00e9ducative et de l\u2019\u00e9change d\u2019exp\u00e9riences r\u00e9ussies en mati\u00e8re des sciences d\u2019\u00e9ducation et des m\u00e9thodologies didactiques et p\u00e9dagogiques, outre la valorisation des comp\u00e9tences et des pratiques professionnelles pionni\u00e8res.<\/p>\n<p>Les travaux de la r\u00e9union ont \u00e9t\u00e9 sanctionn\u00e9s par la d\u00e9signation d\u2019une commission mixte charg\u00e9e d\u2019\u0153uvrer pour que cette revue p\u00e9dagogique voit le jour et d\u2019en faire une \u00e9tape renouvel\u00e9e d\u00e9di\u00e9e \u00e0 la recherche p\u00e9dagogique et \u00e0 la mise en lumi\u00e8re des exp\u00e9riences r\u00e9ussies et des nouveaut\u00e9s survenues en mati\u00e8re d\u2019\u00e9ducation, de formation et de recherche p\u00e9dagogique.<\/p>\n<\/div>\n<p>Auteur: Meriem IGASS<br \/>\n<a href=\"http:\/\/www.mapmarrakech.ma\/fr\/vers-le-lancement-dune-revue-pedagogique-specialisee\/\">Cliquez ici pour lire l&rsquo;article depuis sa source.<\/a><\/p>\n","protected":false},"excerpt":{"rendered":"<p>Marrakech \u2013 Une r\u00e9union de coordination consacr\u00e9e \u00e0 l\u2019examen de la production conjointe d\u2019une revue p\u00e9dagogique sp\u00e9cialis\u00e9e a \u00e9t\u00e9 tenue, r\u00e9cemment dans la cit\u00e9 ocre, entre l\u2019Acad\u00e9mie R\u00e9gionale de l\u2019Education et de la Formation (AREF) de Marrakech-Safi et l\u2019Ecole Normale Sup\u00e9rieure (ENS). Cette rencontre, qui intervient dans le cadre du partenariat distingu\u00e9 et de la [&hellip;]<\/p>\n","protected":false},"author":1788,"featured_media":0,"comment_status":"closed","ping_status":"closed","sticky":false,"template":"","format":"standard","meta":{"fifu_image_url":"","fifu_image_alt":"","footnotes":""},"categories":[54,76],"tags":[],"class_list":["post-108285","post","type-post","status-publish","format-standard","hentry","category-maroc","category-regions"],"_links":{"self":[{"href":"https:\/\/linitiative.ca\/International\/wp-json\/wp\/v2\/posts\/108285","targetHints":{"allow":["GET"]}}],"collection":[{"href":"https:\/\/linitiative.ca\/International\/wp-json\/wp\/v2\/posts"}],"about":[{"href":"https:\/\/linitiative.ca\/International\/wp-json\/wp\/v2\/types\/post"}],"author":[{"embeddable":true,"href":"https:\/\/linitiative.ca\/International\/wp-json\/wp\/v2\/users\/1788"}],"replies":[{"embeddable":true,"href":"https:\/\/linitiative.ca\/International\/wp-json\/wp\/v2\/comments?post=108285"}],"version-history":[{"count":0,"href":"https:\/\/linitiative.ca\/International\/wp-json\/wp\/v2\/posts\/108285\/revisions"}],"wp:attachment":[{"href":"https:\/\/linitiative.ca\/International\/wp-json\/wp\/v2\/media?parent=108285"}],"wp:term":[{"taxonomy":"category","embeddable":true,"href":"https:\/\/linitiative.ca\/International\/wp-json\/wp\/v2\/categories?post=108285"},{"taxonomy":"post_tag","embeddable":true,"href":"https:\/\/linitiative.ca\/International\/wp-json\/wp\/v2\/tags?post=108285"}],"curies":[{"name":"wp","href":"https:\/\/api.w.org\/{rel}","templated":true}]}}