{"id":108286,"date":"2020-12-28T17:19:10","date_gmt":"2020-12-28T22:19:10","guid":{"rendered":"https:\/\/linitiative.ca\/International\/vers-la-creation-de-colonies-de-vacances\/"},"modified":"2020-12-28T17:19:10","modified_gmt":"2020-12-28T22:19:10","slug":"vers-la-creation-de-colonies-de-vacances","status":"publish","type":"post","link":"https:\/\/linitiative.ca\/International\/vers-la-creation-de-colonies-de-vacances\/","title":{"rendered":"Vers la cr\u00e9ation de colonies de vacances"},"content":{"rendered":"<div readability=\"35\">\n<p>Youssoufia \u2013 La Direction provinciale de la jeunesse et des sports de Youssoufia s\u2019est mobilis\u00e9e pour la programmation d\u2019activit\u00e9s et la planification de projets socioculturels adapt\u00e9s aux sp\u00e9cificit\u00e9s de la province, notamment en termes de cr\u00e9ation de colonies de vacances.<\/p>\n<\/div>\n<div readability=\"82\">\n<p>Dans ce cadre, une r\u00e9union a \u00e9t\u00e9 tenue le weekend dernier entre la directrice provinciale, Mme Kaoutar Berbiche, le directeur r\u00e9gional de la jeunesse et des sports de Marrakech-Safi, M. Houcine Chahraoui, le responsable provincial de la jeunesse, M. Hassan Lark, et des responsables de l\u2019administration centrale dudit d\u00e9partement, repr\u00e9sent\u00e9e par MM. Abderrahmane Ajbari, chef du service des colonies de vacances, et Hakim Kiki, chef du service de la formation.<\/p>\n<p>Un communiqu\u00e9 de la direction provinciale indique que cette rencontre \u00ab\u00a0fructueuse\u00a0\u00bb a \u00e9t\u00e9 marqu\u00e9e par l\u2019examen d\u2019un certain nombre de questions et de probl\u00e9matiques qui constituent des points noirs dans la province et entravent la r\u00e9alisation d\u2019un v\u00e9ritable essor dans les domaines des colonies de vacances et de la formation.<\/p>\n<p>A cette occasion, des visites ont \u00e9t\u00e9 effectu\u00e9es \u00e0 Sidi Ahmed et \u00e0 Mzinda afin de s\u2019informer si ces deux zones remplissent les conditions n\u00e9cessaires pour abriter une colonie de vacances fixe d\u00e9di\u00e9e \u00e0 l\u2019encadrement et au divertissement des jeunes, \u00e0 travers la pr\u00e9sentation d\u2019un ensemble d\u2019activit\u00e9s p\u00e9dagogiques, culturelles et ludiques.<\/p>\n<p>Dans ce sens, Mme Berbiche a fait part de la disposition de la direction provinciale d\u2019\u0153uvrer avec tous ses moyens pour la mise sur pied de plusieurs projets qui peuvent \u00eatre r\u00e9alis\u00e9s dans la province et la r\u00e9gion, afin de mieux servir le secteur de la jeunesse et des sports \u00e0 l\u2019\u00e9chelle provinciale avec la contribution des diff\u00e9rentes partenaires.<\/p>\n<p>De son c\u00f4t\u00e9, M. Ajbari a exprim\u00e9 la ferme volont\u00e9 du minist\u00e8re de doter la province d\u2019une colonie de vacances en vue d\u2019en faire une passerelle pour atteindre les objectifs p\u00e9dagogiques fix\u00e9s, selon une nouvelle dynamique impr\u00e9gn\u00e9e d\u2019un nouvel esprit et d\u2019une volont\u00e9 commune.<\/p>\n<p>Pour sa part, M. Chahraoui a salu\u00e9 les efforts d\u00e9ploy\u00e9s pour la mise \u00e0 niveau des infrastructures en tant que l\u2019un des piliers pour la concr\u00e9tisation d\u2019un nombre d\u2019initiatives s\u00e9rieuses et productives.<\/p>\n<p>Cette r\u00e9union s\u2019inscrit dans le cadre de la promotion du secteur de la jeunesse et des sports dans la province de Youssoufia et de l\u2019appui aux initiatives susceptibles de contribuer \u00e0 tirer vers le haut le niveau des prestations offertes au service des femmes, des jeunes et des enfants.<\/p>\n<\/div>\n<p>Auteur: Meriem IGASS<br \/>\n<a href=\"http:\/\/www.mapmarrakech.ma\/fr\/vers-la-creation-de-colonies-de-vacances\/\">Cliquez ici pour lire l&rsquo;article depuis sa source.<\/a><\/p>\n","protected":false},"excerpt":{"rendered":"<p>Youssoufia \u2013 La Direction provinciale de la jeunesse et des sports de Youssoufia s\u2019est mobilis\u00e9e pour la programmation d\u2019activit\u00e9s et la planification de projets socioculturels adapt\u00e9s aux sp\u00e9cificit\u00e9s de la province, notamment en termes de cr\u00e9ation de colonies de vacances. Dans ce cadre, une r\u00e9union a \u00e9t\u00e9 tenue le weekend dernier entre la directrice provinciale, [&hellip;]<\/p>\n","protected":false},"author":1788,"featured_media":0,"comment_status":"closed","ping_status":"closed","sticky":false,"template":"","format":"standard","meta":{"fifu_image_url":"","fifu_image_alt":"","footnotes":""},"categories":[54,76],"tags":[],"class_list":["post-108286","post","type-post","status-publish","format-standard","hentry","category-maroc","category-regions"],"_links":{"self":[{"href":"https:\/\/linitiative.ca\/International\/wp-json\/wp\/v2\/posts\/108286","targetHints":{"allow":["GET"]}}],"collection":[{"href":"https:\/\/linitiative.ca\/International\/wp-json\/wp\/v2\/posts"}],"about":[{"href":"https:\/\/linitiative.ca\/International\/wp-json\/wp\/v2\/types\/post"}],"author":[{"embeddable":true,"href":"https:\/\/linitiative.ca\/International\/wp-json\/wp\/v2\/users\/1788"}],"replies":[{"embeddable":true,"href":"https:\/\/linitiative.ca\/International\/wp-json\/wp\/v2\/comments?post=108286"}],"version-history":[{"count":0,"href":"https:\/\/linitiative.ca\/International\/wp-json\/wp\/v2\/posts\/108286\/revisions"}],"wp:attachment":[{"href":"https:\/\/linitiative.ca\/International\/wp-json\/wp\/v2\/media?parent=108286"}],"wp:term":[{"taxonomy":"category","embeddable":true,"href":"https:\/\/linitiative.ca\/International\/wp-json\/wp\/v2\/categories?post=108286"},{"taxonomy":"post_tag","embeddable":true,"href":"https:\/\/linitiative.ca\/International\/wp-json\/wp\/v2\/tags?post=108286"}],"curies":[{"name":"wp","href":"https:\/\/api.w.org\/{rel}","templated":true}]}}