{"id":108301,"date":"2020-12-29T14:54:42","date_gmt":"2020-12-29T19:54:42","guid":{"rendered":"https:\/\/linitiative.ca\/International\/direction-des-medicaments-ait-taleb-interpelle\/"},"modified":"2020-12-29T14:54:42","modified_gmt":"2020-12-29T19:54:42","slug":"direction-des-medicaments-ait-taleb-interpelle","status":"publish","type":"post","link":"https:\/\/linitiative.ca\/International\/direction-des-medicaments-ait-taleb-interpelle\/","title":{"rendered":"Direction des m\u00e9dicaments: Ait Taleb interpell\u00e9"},"content":{"rendered":"<p class=\"rtejustify\">La mission exploratoire parlementaire portant sur la Direction des m\u00e9dicaments, sa situation financi\u00e8re et ses relations avec les laboratoires pharmaceutiques, poursuit ses travaux. Ses membres devront interpeller le ministre de la Sant\u00e9 Khalid Ait Taleb, <em>sur une s\u00e9rie de dysfonctionnements identifi\u00e9s. Une r\u00e9union est pr\u00e9vue mercredi prochain \u00e0 la Commission des secteurs sociaux \u00e0 la Chambre des repr\u00e9sentants.<br \/>\u00a0M.A.M.<\/em><\/p>\n<p>Auteur: hlafriqi<br \/>\n<a href=\"https:\/\/www.leconomiste.com\/article\/1071330-direction-des-medicaments-ait-taleb-interpelle\">Cliquez ici pour lire l&rsquo;article depuis sa source.<\/a><\/p>\n","protected":false},"excerpt":{"rendered":"<p>La mission exploratoire parlementaire portant sur la Direction des m\u00e9dicaments, sa situation financi\u00e8re et ses relations avec les laboratoires pharmaceutiques, poursuit ses travaux. Ses membres devront interpeller le ministre de la Sant\u00e9 Khalid Ait Taleb, sur une s\u00e9rie de dysfonctionnements identifi\u00e9s. Une r\u00e9union est pr\u00e9vue mercredi prochain \u00e0 la Commission des secteurs sociaux \u00e0 la [&hellip;]<\/p>\n","protected":false},"author":1763,"featured_media":0,"comment_status":"closed","ping_status":"closed","sticky":false,"template":"","format":"standard","meta":{"fifu_image_url":"","fifu_image_alt":"","footnotes":""},"categories":[78,54],"tags":[],"class_list":["post-108301","post","type-post","status-publish","format-standard","hentry","category-economie","category-maroc"],"_links":{"self":[{"href":"https:\/\/linitiative.ca\/International\/wp-json\/wp\/v2\/posts\/108301","targetHints":{"allow":["GET"]}}],"collection":[{"href":"https:\/\/linitiative.ca\/International\/wp-json\/wp\/v2\/posts"}],"about":[{"href":"https:\/\/linitiative.ca\/International\/wp-json\/wp\/v2\/types\/post"}],"author":[{"embeddable":true,"href":"https:\/\/linitiative.ca\/International\/wp-json\/wp\/v2\/users\/1763"}],"replies":[{"embeddable":true,"href":"https:\/\/linitiative.ca\/International\/wp-json\/wp\/v2\/comments?post=108301"}],"version-history":[{"count":0,"href":"https:\/\/linitiative.ca\/International\/wp-json\/wp\/v2\/posts\/108301\/revisions"}],"wp:attachment":[{"href":"https:\/\/linitiative.ca\/International\/wp-json\/wp\/v2\/media?parent=108301"}],"wp:term":[{"taxonomy":"category","embeddable":true,"href":"https:\/\/linitiative.ca\/International\/wp-json\/wp\/v2\/categories?post=108301"},{"taxonomy":"post_tag","embeddable":true,"href":"https:\/\/linitiative.ca\/International\/wp-json\/wp\/v2\/tags?post=108301"}],"curies":[{"name":"wp","href":"https:\/\/api.w.org\/{rel}","templated":true}]}}