{"id":108329,"date":"2020-12-29T05:00:00","date_gmt":"2020-12-29T10:00:00","guid":{"rendered":"https:\/\/linitiative.ca\/International\/une-fois-la-crise-passee-peut-etre\/"},"modified":"2020-12-29T05:00:00","modified_gmt":"2020-12-29T10:00:00","slug":"une-fois-la-crise-passee-peut-etre","status":"publish","type":"post","link":"https:\/\/linitiative.ca\/International\/une-fois-la-crise-passee-peut-etre\/","title":{"rendered":"Une fois la crise  pass\u00e9e\u2026 peut-\u00eatre !"},"content":{"rendered":"<p class=\"c4\">Il n\u2019y aura pas d\u2019h\u00f4pital strictement r\u00e9serv\u00e9 au traitement de la Covid. Parce que le pays n\u2019en aurait ni les moyens mat\u00e9riels et financiers ni le personnel m\u00e9dical pour faire fonctionner la structure. On sait parfaitement ce qu\u2019une gestion technique et une prise en charge humaine supposent et le pays, saign\u00e9 comme il l\u2019a \u00e9t\u00e9, ne peut plus faire face \u00e0 de telles d\u00e9penses. Sans compter l\u2019h\u00e9morragie en comp\u00e9tences dont souffre le secteur.\u00a0<br \/>Les m\u00e9decins qui d\u00e9sertent le navire Alg\u00e9rie ne se comptent plus et m\u00eame si un nombre cons\u00e9quent parmi ces derniers persiste \u00e0 croire qu\u2019il est possible de s\u2019en sortir, la r\u00e9alit\u00e9 est l\u00e0, impossible \u00e0 contourner. Si nous ne devons pas forc\u00e9ment sa mise \u00e0 nu \u00e0 la pand\u00e9mie, notre sant\u00e9 est quand m\u00eame la victime de d\u00e9laissements successifs.<br \/>\u00a0Il faudra, n\u00e9anmoins, une fois la crise sanitaire surmont\u00e9e, reconnaitre au SARS-CoV-2 sa s\u00e9rieuse contribution. Le virus aura aid\u00e9 \u00e0 lever, totalement et une bonne fois pour toutes, le voile sur les incoh\u00e9rences qui ont pr\u00e9valu aux commandes. Il nous faut admettre que m\u00eame si le pays n\u2019a pas tout \u00e0 fait rompu les amarres, son \u00e9tat, qui \u00e9mettait, d\u00e9j\u00e0, de s\u00e9rieux signaux de d\u00e9tresse, s\u2019est aggrav\u00e9 depuis l\u2019arriv\u00e9e au pouvoir de Bouteflika et de ses hommes. A chaque fois qu\u2019il est question du monde m\u00e9dical et des difficult\u00e9s qu\u2019il traverse, je me souviens de ces moments, relativement r\u00e9cents, de violence que les m\u00e9decins en gr\u00e8ve ont subie tandis qu\u2019ils d\u00e9non\u00e7aient les probl\u00e8mes qu\u2019aujourd\u2019hui il n\u2019est plus possible de taire. Parce que l\u2019on ne peut plus faire l\u2019impasse sur les malades qui courent d\u2019une structure \u00e0 l\u2019autre en qu\u00eate de soins et qui meurent faute d\u2019assistance humaine quand les \u00e9quipements ne servent \u00e0 rien pour des raisons qui ne laissent aucun doute sur les profils qui r\u00e8gnent, en g\u00e9n\u00e9ral, sur la gestion des \u00e9tablissements hospitaliers. Durant la gr\u00e8ve observ\u00e9e par les r\u00e9sidents, \u00e0 chaque fois que l\u2019on apprenait qu\u2019ils s\u2019\u00e9taient rencontr\u00e9s, on se disait que tout allait peut-\u00eatre rentrer dans l\u2019ordre. Eh bien, non ! Le conflit tra\u00eenait en longueur et ce n\u2019\u00e9tait jamais le cas. Et qui cela embarrassait le plus ? Les malades, bien \u00e9videmment.<br \/><em><strong>M. B.<\/strong><\/em><\/p>\n<p>Auteur:<br \/>\n<a href=\"https:\/\/www.lesoirdalgerie.com\/soit-dit-en-passant\/une-fois-la-crise-passee-peut-etre-53770\">Cliquez ici pour lire l&rsquo;article depuis sa source.<\/a><\/p>\n","protected":false},"excerpt":{"rendered":"<p>Il n\u2019y aura pas d\u2019h\u00f4pital strictement r\u00e9serv\u00e9 au traitement de la Covid. Parce que le pays n\u2019en aurait ni les moyens mat\u00e9riels et financiers ni le personnel m\u00e9dical pour faire fonctionner la structure. On sait parfaitement ce qu\u2019une gestion technique et une prise en charge humaine supposent et le pays, saign\u00e9 comme il l\u2019a \u00e9t\u00e9, [&hellip;]<\/p>\n","protected":false},"author":1741,"featured_media":0,"comment_status":"closed","ping_status":"closed","sticky":false,"template":"","format":"standard","meta":{"fifu_image_url":"","fifu_image_alt":"","footnotes":""},"categories":[73,53],"tags":[],"class_list":["post-108329","post","type-post","status-publish","format-standard","hentry","category-actualite","category-algerie"],"_links":{"self":[{"href":"https:\/\/linitiative.ca\/International\/wp-json\/wp\/v2\/posts\/108329","targetHints":{"allow":["GET"]}}],"collection":[{"href":"https:\/\/linitiative.ca\/International\/wp-json\/wp\/v2\/posts"}],"about":[{"href":"https:\/\/linitiative.ca\/International\/wp-json\/wp\/v2\/types\/post"}],"author":[{"embeddable":true,"href":"https:\/\/linitiative.ca\/International\/wp-json\/wp\/v2\/users\/1741"}],"replies":[{"embeddable":true,"href":"https:\/\/linitiative.ca\/International\/wp-json\/wp\/v2\/comments?post=108329"}],"version-history":[{"count":0,"href":"https:\/\/linitiative.ca\/International\/wp-json\/wp\/v2\/posts\/108329\/revisions"}],"wp:attachment":[{"href":"https:\/\/linitiative.ca\/International\/wp-json\/wp\/v2\/media?parent=108329"}],"wp:term":[{"taxonomy":"category","embeddable":true,"href":"https:\/\/linitiative.ca\/International\/wp-json\/wp\/v2\/categories?post=108329"},{"taxonomy":"post_tag","embeddable":true,"href":"https:\/\/linitiative.ca\/International\/wp-json\/wp\/v2\/tags?post=108329"}],"curies":[{"name":"wp","href":"https:\/\/api.w.org\/{rel}","templated":true}]}}