{"id":108340,"date":"2020-12-29T14:56:48","date_gmt":"2020-12-29T19:56:48","guid":{"rendered":"https:\/\/linitiative.ca\/International\/plebiscite-de-bala-sakande-au-perchoir\/"},"modified":"2020-12-29T14:56:48","modified_gmt":"2020-12-29T19:56:48","slug":"plebiscite-de-bala-sakande-au-perchoir","status":"publish","type":"post","link":"https:\/\/linitiative.ca\/International\/plebiscite-de-bala-sakande-au-perchoir\/","title":{"rendered":"PLEBISCITE DE BALA SAKANDE AU PERCHOIR"},"content":{"rendered":"<p class=\"c3\"><em>Un peu plus d\u2019une semaine apr\u00e8s la validation des r\u00e9sultats des \u00e9lections l\u00e9gislatives par le Conseil constitutionnel, les mandats des d\u00e9put\u00e9s\u00a0 de la huiti\u00e8me l\u00e9gislature ont \u00e9t\u00e9 valid\u00e9s, le 28 d\u00e9cembre dernier, permettant ainsi aux nouveaux \u00e9lus d\u2019\u00e9lire le pr\u00e9sident de l\u2019Assembl\u00e9e nationale. Et sans surprise, c\u2019est Alassane Bala Sakand\u00e9 du Mouvement du peuple pour le progr\u00e8s (MPP), qui a \u00e9t\u00e9 pl\u00e9biscit\u00e9 par 123 voix sur 127 votants. Si le choix de Bala \u00e9tait connu d\u2019avance, l\u2019on ne saurait toutefois dire pourquoi il n\u2019y a pas eu d\u2019autres candidatures \u00e0 ce poste aussi prestigieux. Les \u00e9lus des autres partis politiques, notamment de l\u2019opposition, se sont-ils abstenus de peur de mordre la poussi\u00e8re et de para\u00eetre ridicules\u00a0? Difficile d\u2019y r\u00e9pondre. Pour le moins, on sait que le MPP, \u00e0 lui seul, compte 65 d\u00e9put\u00e9s et ses alli\u00e9s, une trentaine. Rivaliser avec le candidat d\u2019une majorit\u00e9 aussi \u00e9crasante, c\u2019est se jeter dans une bataille perdue d\u2019avance. Mais est-ce la raison principale qui a justifi\u00e9 l\u2019absence d\u2019autres candidatures\u00a0? Ou est-ce le bilan de Sakand\u00e9 qui a convaincu les autres d\u00e9put\u00e9s de faire leur, l\u2019adage selon lequel on ne change pas une \u00e9quipe qui gagne? En tout cas, Bala Sakand\u00e9 aura marqu\u00e9 de son empreinte la septi\u00e8me l\u00e9gislature. Pour certains, il aura su chausser les bottes de son pr\u00e9d\u00e9cesseur, Salifou Diallo, en termes de management d\u2019hommes. \u00a0Mais est-ce suffisant pour justifier son pl\u00e9biscite\u00a0? Cette \u00ab\u00a0cooptation\u00a0\u00bb ne serait-elle pas li\u00e9e \u00e0 la volont\u00e9 du chef de l\u2019Etat dont \u00a0Bala serait tr\u00e8s proche? Ou faut-il voir en la candidature unique de Bala Sakand\u00e9 un deal politique\u00a0? C\u2019est probable. Il n\u2019est pas exclu que les d\u00e9put\u00e9s de la majorit\u00e9 et ceux de l\u2019opposition, se soient entendus pour se partager les r\u00f4les.<\/em><\/p>\n<p class=\"c3\"><em>\u00a0<\/em><\/p>\n<p class=\"c4\"><strong><em>Tout laisse croire que \u00a0le MPP cherche \u00e0 maintenir la coh\u00e9sion en son sein<\/em><\/strong><\/p>\n<p class=\"c3\"><em>\u00a0<\/em><\/p>\n<p class=\"c3\"><em>On est d\u2019autant plus fond\u00e9 \u00e0 le croire que les postes-cl\u00e9s de l\u2019h\u00e9micycle, avaient \u00e9t\u00e9 partag\u00e9s entre la majorit\u00e9 et l\u2019opposition lors de la l\u00e9gislature sortante. Et il faut ajouter \u00e0 cela que depuis quelques ann\u00e9es, le consensus est devenu la r\u00e8gle d\u2019or \u00e0 l\u2019Assembl\u00e9e nationale.\u00a0<\/em> <em>En tout cas, le pl\u00e9biscite de Bala Sakand\u00e9 est trop beau pour \u00eatre un acte d\u00e9sint\u00e9ress\u00e9, surtout venant d\u2019hommes qui se sont lanc\u00e9 des piques pendant la campagne \u00e9lectorale. Cela dit, il faut se f\u00e9liciter du fait que le vote s\u2019est d\u00e9roul\u00e9 dans un climat apais\u00e9. Toutefois, il y a lieu de s\u2019interroger sur les cons\u00e9quences d\u2019un tel consensus, pour notre d\u00e9mocratie. Surtout que sous d\u2019autres cieux, le consensus a fini par tuer la d\u00e9mocratie et ouvrir la porte \u00e0 des d\u00e9rives telles que le n\u00e9potisme, la gabegie,\u00a0 les d\u00e9tournements de deniers publics, etc. Le cas du Mali voisin est assez \u00e9difiant. \u00a0En tout \u00e9tat de cause, la r\u00e9\u00e9lection de Bala Sakand\u00e9 au perchoir, vient mettre un terme aux rumeurs persistantes annon\u00e7ant un clash entre ce dernier et le pr\u00e9sident du parti, Simon Compaor\u00e9. Tout laisse donc croire qu\u2019en permettant \u00e0 Bala Sakand\u00e9 de prolonger son bail \u00e0 la t\u00eate de la Repr\u00e9sentation nationale, le MPP cherche \u00e0 maintenir la coh\u00e9sion en son sein. Mais jusqu\u2019\u00e0 quand\u00a0? Car, il n\u2019est pas exclu que les querelles de positionnement pour la succession de Roch Marc Christian Kabor\u00e9 dont le second et dernier mandat s\u2019ach\u00e8ve en 2025, ne tarderont pas \u00e0 appara\u00eetre au grand jour.<\/em><\/p>\n<p class=\"c3\"><em>\u00a0<\/em><\/p>\n<p class=\"c4\"><strong><em>Dabadi ZOUMBARA<\/em><\/strong><\/p>\n<p class=\"c4\"><strong><em>\u00a0<\/em><\/strong><\/p>\n<p class=\"c3\"><em>\u00a0<\/em><\/p>\n<p><strong>\u00a0<\/strong><\/p>\n<p><strong>\u00a0\u00a0<\/strong><\/p>\n<p>Auteur: Le Pays<br \/>\n<a href=\"https:\/\/lepays.bf\/plebiscite-de-bala-sakande-au-perchoir\/\">Cliquez ici pour lire l&rsquo;article depuis sa source.<\/a><\/p>\n","protected":false},"excerpt":{"rendered":"<p>Un peu plus d\u2019une semaine apr\u00e8s la validation des r\u00e9sultats des \u00e9lections l\u00e9gislatives par le Conseil constitutionnel, les mandats des d\u00e9put\u00e9s\u00a0 de la huiti\u00e8me l\u00e9gislature ont \u00e9t\u00e9 valid\u00e9s, le 28 d\u00e9cembre dernier, permettant ainsi aux nouveaux \u00e9lus d\u2019\u00e9lire le pr\u00e9sident de l\u2019Assembl\u00e9e nationale. Et sans surprise, c\u2019est Alassane Bala Sakand\u00e9 du Mouvement du peuple pour [&hellip;]<\/p>\n","protected":false},"author":1813,"featured_media":0,"comment_status":"closed","ping_status":"closed","sticky":false,"template":"","format":"standard","meta":{"fifu_image_url":"","fifu_image_alt":"","footnotes":""},"categories":[73,81],"tags":[],"class_list":["post-108340","post","type-post","status-publish","format-standard","hentry","category-actualite","category-burkina-faso"],"_links":{"self":[{"href":"https:\/\/linitiative.ca\/International\/wp-json\/wp\/v2\/posts\/108340","targetHints":{"allow":["GET"]}}],"collection":[{"href":"https:\/\/linitiative.ca\/International\/wp-json\/wp\/v2\/posts"}],"about":[{"href":"https:\/\/linitiative.ca\/International\/wp-json\/wp\/v2\/types\/post"}],"author":[{"embeddable":true,"href":"https:\/\/linitiative.ca\/International\/wp-json\/wp\/v2\/users\/1813"}],"replies":[{"embeddable":true,"href":"https:\/\/linitiative.ca\/International\/wp-json\/wp\/v2\/comments?post=108340"}],"version-history":[{"count":0,"href":"https:\/\/linitiative.ca\/International\/wp-json\/wp\/v2\/posts\/108340\/revisions"}],"wp:attachment":[{"href":"https:\/\/linitiative.ca\/International\/wp-json\/wp\/v2\/media?parent=108340"}],"wp:term":[{"taxonomy":"category","embeddable":true,"href":"https:\/\/linitiative.ca\/International\/wp-json\/wp\/v2\/categories?post=108340"},{"taxonomy":"post_tag","embeddable":true,"href":"https:\/\/linitiative.ca\/International\/wp-json\/wp\/v2\/tags?post=108340"}],"curies":[{"name":"wp","href":"https:\/\/api.w.org\/{rel}","templated":true}]}}