{"id":108633,"date":"2021-01-03T18:04:19","date_gmt":"2021-01-03T23:04:19","guid":{"rendered":"https:\/\/linitiative.ca\/International\/le-fpi-parti-de-gbagbo-reaffirme-sa-participation-aux-elections-legislatives-ivoiriennes-de-mars\/"},"modified":"2021-01-03T18:04:19","modified_gmt":"2021-01-03T23:04:19","slug":"le-fpi-parti-de-gbagbo-reaffirme-sa-participation-aux-elections-legislatives-ivoiriennes-de-mars","status":"publish","type":"post","link":"https:\/\/linitiative.ca\/International\/le-fpi-parti-de-gbagbo-reaffirme-sa-participation-aux-elections-legislatives-ivoiriennes-de-mars\/","title":{"rendered":"Le FPI, parti de Gbagbo, r\u00e9affirme sa participation aux \u00e9lections l\u00e9gislatives ivoiriennes de mars"},"content":{"rendered":"<div readability=\"32\">\n<p>Publi\u00e9 le 04.01.2021 \u00e0 00h18 par APA News<\/p>\n<\/div>\n<div readability=\"90\">\n<p>Le Front populaire ivoirien (FPI, opposition), le parti fond\u00e9 par Laurent Gbagbo, a r\u00e9affirm\u00e9 dimanche sa participation aux \u00e9lections l\u00e9gislatives de mars 2021, au terme d\u2019une d\u00e9cision de son Comit\u00e9 central tenue en d\u00e9cembre 2020, selon un communiqu\u00e9.<\/p>\n<p>\u00ab\u00a0Le FPI r\u00e9affirme, au terme de la d\u00e9cision du Comit\u00e9 central du 12 d\u00e9cembre 2020, sa participation\u00a0\u00bb aux \u00e9lections l\u00e9gislatives, dans un communiqu\u00e9 sign\u00e9 par son secr\u00e9taire g\u00e9n\u00e9ral et porte-parole, Issiaka Sangar\u00e9.\u00a0<\/p>\n<p>La confirmation de cette d\u00e9cision intervient apr\u00e8s la lib\u00e9ration de Affi N\u2019guessan, le pr\u00e9sident du FPI. Le 30 d\u00e9cembre 2020, suite \u00e0 son audition par le juge d\u2019instruction du 9e Cabinet d\u2019Angr\u00e9, dans l\u2019Est d\u2019Abidjan, il a \u00e9t\u00e9 lib\u00e9r\u00e9 et plac\u00e9 sous contr\u00f4le judiciaire.<\/p>\n<p>Toutefois, en attendant l\u2019\u00e9volution du dossier, le FPI \u00ab\u00a0se r\u00e9jouit de la lib\u00e9ration de son pr\u00e9sident, le premier ministre Pascal Affi N\u2019guessan\u00a0\u00bb et \u00ab\u00a0r\u00e9affirme son engagement \u00e0 faire prosp\u00e9rer le dialogue politique\u00a0\u00bb impliquant le gouvernement et l\u2019opposition, poursuit le texte.\u00a0<\/p>\n<p>Le parti encourage en outre le gouvernement \u00e0 \u00ab\u00a0continuer dans la voie de la d\u00e9crispation en lib\u00e9rant les autres d\u00e9tenus\u00a0\u00bb et dit rester convaincu que la mise en \u0153uvre des recommandations pertinentes issues du dialogue politique contribuera au renforcement de la d\u00e9mocratie et participera \u00e0 la coh\u00e9sion nationale.<\/p>\n<p>Il \u00ab\u00a0remercie\u00a0\u00bb le gouvernement, la classe politique, la soci\u00e9t\u00e9 civile, la plateforme des partis de l\u2019opposition, la communaut\u00e9 internationale, le Parti socialiste fran\u00e7ais et le Parti communiste fran\u00e7ais pour la convergence des actions ayant abouti \u00e0 la lib\u00e9ration de M. Affi. \u00a0<\/p>\n<p>Les \u00e9lections l\u00e9gislatives ont \u00e9t\u00e9 fix\u00e9es au 6 mars 2021. L\u2019ouverture du d\u00e9p\u00f4t des dossiers de candidatures d\u00e9bute le 4 janvier pour s\u2019achever le 20 janvier 2021, un d\u00e9lai jug\u00e9 relativement court par des organisations de la soci\u00e9t\u00e9 civile. \u00a0<\/p>\n<p>A l\u2019issue du dialogue politique, ayant r\u00e9uni le gouvernement, \u00a0la soci\u00e9t\u00e9 civile et l\u2019opposition, \u00a0les diff\u00e9rentes parties ont arr\u00eat\u00e9 des conditions pour la bonne tenue du scrutin et un meilleur fonctionnement de la Commission \u00e9lectorale ind\u00e9pendante (CEI).\u00a0<\/p>\n<\/div>\n<p>Auteur: APA News<br \/>\n<a href=\"https:\/\/www.journalducameroun.com\/le-fpi-parti-de-gbagbo-reaffirme-sa-participation-aux-elections-legislatives-ivoiriennes-de-mars\/\">Cliquez ici pour lire l&rsquo;article depuis sa source.<\/a><\/p>\n","protected":false},"excerpt":{"rendered":"<p>Publi\u00e9 le 04.01.2021 \u00e0 00h18 par APA News Le Front populaire ivoirien (FPI, opposition), le parti fond\u00e9 par Laurent Gbagbo, a r\u00e9affirm\u00e9 dimanche sa participation aux \u00e9lections l\u00e9gislatives de mars 2021, au terme d\u2019une d\u00e9cision de son Comit\u00e9 central tenue en d\u00e9cembre 2020, selon un communiqu\u00e9. \u00ab\u00a0Le FPI r\u00e9affirme, au terme de la d\u00e9cision du [&hellip;]<\/p>\n","protected":false},"author":1965,"featured_media":0,"comment_status":"closed","ping_status":"closed","sticky":false,"template":"","format":"standard","meta":{"fifu_image_url":"","fifu_image_alt":"","footnotes":""},"categories":[73,82],"tags":[],"class_list":["post-108633","post","type-post","status-publish","format-standard","hentry","category-actualite","category-cameroun"],"_links":{"self":[{"href":"https:\/\/linitiative.ca\/International\/wp-json\/wp\/v2\/posts\/108633","targetHints":{"allow":["GET"]}}],"collection":[{"href":"https:\/\/linitiative.ca\/International\/wp-json\/wp\/v2\/posts"}],"about":[{"href":"https:\/\/linitiative.ca\/International\/wp-json\/wp\/v2\/types\/post"}],"author":[{"embeddable":true,"href":"https:\/\/linitiative.ca\/International\/wp-json\/wp\/v2\/users\/1965"}],"replies":[{"embeddable":true,"href":"https:\/\/linitiative.ca\/International\/wp-json\/wp\/v2\/comments?post=108633"}],"version-history":[{"count":0,"href":"https:\/\/linitiative.ca\/International\/wp-json\/wp\/v2\/posts\/108633\/revisions"}],"wp:attachment":[{"href":"https:\/\/linitiative.ca\/International\/wp-json\/wp\/v2\/media?parent=108633"}],"wp:term":[{"taxonomy":"category","embeddable":true,"href":"https:\/\/linitiative.ca\/International\/wp-json\/wp\/v2\/categories?post=108633"},{"taxonomy":"post_tag","embeddable":true,"href":"https:\/\/linitiative.ca\/International\/wp-json\/wp\/v2\/tags?post=108633"}],"curies":[{"name":"wp","href":"https:\/\/api.w.org\/{rel}","templated":true}]}}