{"id":108638,"date":"2021-01-04T11:14:10","date_gmt":"2021-01-04T16:14:10","guid":{"rendered":"https:\/\/linitiative.ca\/International\/alerte-meteo-fortes-rafales-de-vent-mercredi-et-jeudi\/"},"modified":"2021-01-04T11:14:10","modified_gmt":"2021-01-04T16:14:10","slug":"alerte-meteo-fortes-rafales-de-vent-mercredi-et-jeudi","status":"publish","type":"post","link":"https:\/\/linitiative.ca\/International\/alerte-meteo-fortes-rafales-de-vent-mercredi-et-jeudi\/","title":{"rendered":"Alerte m\u00e9t\u00e9o : Fortes rafales de vent mercredi et jeudi"},"content":{"rendered":"<p><img decoding=\"async\" class=\"post_layout_5_img\" src=\"http:\/\/aujourdhui.ma\/wp-content\/uploads\/2021\/01\/meteo-vent.jpg\" alt=\"Alerte m&#xE9;t&#xE9;o : Fortes rafales de vent mercredi et jeudi\"\/><\/p>\n<p><span class=\"c5\"><strong>De fortes rafales de vent sont attendues ce mercredi et jeudi dans plusieurs provinces du Royaume, a annonc\u00e9 lundi la Direction g\u00e9n\u00e9rale de la m\u00e9t\u00e9orologie (DGM) dans un bulletin sp\u00e9cial.<\/strong><\/span><span id=\"more-364692\"\/><\/p>\n<p>Ainsi, de fortes rafales de vent sont pr\u00e9vues mercredi de 14h00 \u00e0 23h00 dans les provinces d\u2019Al Haouz, Chichaoua, El Jadida, Essaouira, Safi, Sidi Bennour et Youssoufia, a pr\u00e9cis\u00e9 la DGM dans cette alerte de niveau orange.<\/p>\n<p>Le m\u00eame ph\u00e9nom\u00e8ne int\u00e9ressera jeudi de 00h00 \u00e0 23h00 les provinces d\u2019Al Haouz, Al Hoceima, Assa-Zag, Chefchaouen, Chichaoua, El Jadida, Errachidia, Es-Semara, Essaouira, Fahs-Anjra, Figuig, Guelmim, La\u00e2youne, Larache, M\u2019diq-Fnideq, Ouarzazate, Ouezzane, Safi, Sidi Bennour, Sidi Ifni, Tan-Tan, Tanger-Assilah, Tarfaya, Taroudant, Tata, T\u00e9touan, Tinghir, Tiznit, Youssoufia et Zagora, a ajout\u00e9 la m\u00eame source.<\/p>\n<p>Par ailleurs, des averses orageuses risqueront d\u2019\u00eatre localement importantes par moments jeudi et vendredi sur le Tang\u00e9rois, Loukkos, Rif occidental, Souss et Chidama, selon le bulletin sp\u00e9cial. En outre, les vents seront probablement forts par endroits le vendredi sur les plaines atlantiques Nord et Centre, l\u2019Atlas, le Sud-Est et l\u2019Oriental, a conclu la DGM.<\/p>\n<p>Auteur: ALM<br \/>\n<a href=\"https:\/\/aujourdhui.ma\/actualite\/alerte-meteo-fortes-rafales-de-vent-mercredi-et-jeudi\">Cliquez ici pour lire l&rsquo;article depuis sa source.<\/a><\/p>\n","protected":false},"excerpt":{"rendered":"<p>De fortes rafales de vent sont attendues ce mercredi et jeudi dans plusieurs provinces du Royaume, a annonc\u00e9 lundi la Direction g\u00e9n\u00e9rale de la m\u00e9t\u00e9orologie (DGM) dans un bulletin sp\u00e9cial. Ainsi, de fortes rafales de vent sont pr\u00e9vues mercredi de 14h00 \u00e0 23h00 dans les provinces d\u2019Al Haouz, Chichaoua, El Jadida, Essaouira, Safi, Sidi Bennour [&hellip;]<\/p>\n","protected":false},"author":1759,"featured_media":0,"comment_status":"closed","ping_status":"closed","sticky":false,"template":"","format":"standard","meta":{"fifu_image_url":"http:\/\/aujourdhui.ma\/wp-content\/uploads\/2021\/01\/meteo-vent.jpg","fifu_image_alt":"Alerte m\u00e9t\u00e9o : Fortes rafales de vent mercredi et jeudi","footnotes":""},"categories":[73,54],"tags":[],"class_list":["post-108638","post","type-post","status-publish","format-standard","hentry","category-actualite","category-maroc"],"_links":{"self":[{"href":"https:\/\/linitiative.ca\/International\/wp-json\/wp\/v2\/posts\/108638","targetHints":{"allow":["GET"]}}],"collection":[{"href":"https:\/\/linitiative.ca\/International\/wp-json\/wp\/v2\/posts"}],"about":[{"href":"https:\/\/linitiative.ca\/International\/wp-json\/wp\/v2\/types\/post"}],"author":[{"embeddable":true,"href":"https:\/\/linitiative.ca\/International\/wp-json\/wp\/v2\/users\/1759"}],"replies":[{"embeddable":true,"href":"https:\/\/linitiative.ca\/International\/wp-json\/wp\/v2\/comments?post=108638"}],"version-history":[{"count":0,"href":"https:\/\/linitiative.ca\/International\/wp-json\/wp\/v2\/posts\/108638\/revisions"}],"wp:attachment":[{"href":"https:\/\/linitiative.ca\/International\/wp-json\/wp\/v2\/media?parent=108638"}],"wp:term":[{"taxonomy":"category","embeddable":true,"href":"https:\/\/linitiative.ca\/International\/wp-json\/wp\/v2\/categories?post=108638"},{"taxonomy":"post_tag","embeddable":true,"href":"https:\/\/linitiative.ca\/International\/wp-json\/wp\/v2\/tags?post=108638"}],"curies":[{"name":"wp","href":"https:\/\/api.w.org\/{rel}","templated":true}]}}