{"id":108639,"date":"2021-01-04T11:25:38","date_gmt":"2021-01-04T16:25:38","guid":{"rendered":"https:\/\/linitiative.ca\/International\/interprete-avec-cheikh-mokhtar-el-berkani-encore-un-nouveau-single-en-reggada-pour-aymane-serhani\/"},"modified":"2021-01-04T11:25:38","modified_gmt":"2021-01-04T16:25:38","slug":"interprete-avec-cheikh-mokhtar-el-berkani-encore-un-nouveau-single-en-reggada-pour-aymane-serhani","status":"publish","type":"post","link":"https:\/\/linitiative.ca\/International\/interprete-avec-cheikh-mokhtar-el-berkani-encore-un-nouveau-single-en-reggada-pour-aymane-serhani\/","title":{"rendered":"Interpr\u00e9t\u00e9 avec Cheikh Mokhtar El Berkani : Encore un nouveau single en reggada pour Aymane Serhani"},"content":{"rendered":"<p><img decoding=\"async\" class=\"post_layout_5_img\" src=\"http:\/\/aujourdhui.ma\/wp-content\/uploads\/2021\/01\/Encore-un-nouveau-single-en-reggada-pour-Aymane-Serhani.jpg\" alt=\"Interpr&#xE9;t&#xE9; avec Cheikh Mokhtar El Berkani : Encore un nouveau single en reggada pour Aymane Serhani\"\/><\/p>\n<p><span class=\"c5\"><strong>Le style \u00abreggada\u00bb continue \u00e0 attirer le chanteur franco-marocain Aymane Serhani, connu pour l\u2019art du ra\u00ef.<\/strong><\/span><span id=\"more-364646\"\/><\/p>\n<p>Apr\u00e8s \u00abMa nedikch a l\u2019vacancia\u00bb (Vacanci\u00e8re, je te prends pas), lanc\u00e9 en rythmes de l\u2019Oriental, en featuring avec Cheikh Mokhtar El Berkani, il vient de lancer avec ce chanteur un nouveau tube appel\u00e9 \u00abRani Nebghih\u00bb (Je l\u2019aime) dans le m\u00eame style. Un morceau qui exalte l\u2019amour pour une femme contrairement \u00e0 toute impression susceptible d\u2019\u00eatre donn\u00e9e par l\u2019intitul\u00e9 de ce tube produit par Hicham Khatir qui en a \u00e9galement fait l\u2019arrangement sur des paroles et m\u00e9lodies de Cheikh Mokhtar El Berkani.<br \/>Partag\u00e9 le 31 d\u00e9cembre dernier pour marquer visiblement la fin d\u2019ann\u00e9e, ce single, dont la distribution digitale est r\u00e9alis\u00e9e par CHBK Music, a d\u00e9j\u00e0 r\u00e9colt\u00e9 plus de 3 millions de vues sur YouTube quelques jours apr\u00e8s son lancement.<\/p>\n<p>Quant au titre \u00abMa nedikch a l\u2019vacancia\u00bb, dont les paroles et la m\u00e9lodie sont con\u00e7ues par Cheikh Mokhtar El Berkani, sur un arrangement de Hicham Khatir, il a permis \u00e0 Aymane Serhani de se positionner premier des tendances. Outre cette oeuvre, cet artiste a lanc\u00e9 le single \u00abAna Telle3tek bezzaf\u00bb (Je t\u2019ai trop hiss\u00e9e). Un morceau dont la singularit\u00e9 r\u00e9sidait dans son lancement \u00e0 partir du Maroc o\u00f9 il a pass\u00e9 son confinement. En plus de ses clips en selfie qui sont, comme il l\u2019a indiqu\u00e9 dans un entretien accord\u00e9 \u00e0 ALM, devenus sa \u00abmarque de fabrique\u00bb, le chanteur originaire d\u2019Oujda et n\u00e9 \u00e0 Lille (France) o\u00f9 il a grandi, a brill\u00e9 en ra\u00ef voire en ra\u00ef game ainsi que dans le style des singles \u00abWay Way\u00bb. Son r\u00e9pertoire contient plusieurs \u0153uvres phares ayant connu un large succ\u00e8s au Maroc, Maghreb et parmi la communaut\u00e9 arabe et maghr\u00e9bine en Europe. Ses tubes ont atteint des millions de vues sur YouTube et lui ont valu une forte demande dans les plus grands festivals de la r\u00e9gion.<\/p>\n<p>Ainsi, il a, entre autres, chant\u00e9 \u00abTonton\u00bb, \u00abNtiya Mon Koulchi \u00bb (Tu es mon tout), \u00abGalthali Mimti\u00bb (Ma m\u00e8re m\u2019a dit), \u00abLa beaut\u00e9\u00bb, \u00abDrabha Sahebha\u00bb (Son copain l\u2019a battue), \u00abLay Lay\u00bb, \u00abHayat\u00bb, \u00abFles vacances semouk tebghini\u00bb (Tu m\u2019aimes en vacances), \u00abNebghi Djini bsurvet\u00bb (Je veux que tu viennes avec un surv\u00eatement), \u00abNtiya walou\u00bb (Tu n\u2019es rien), \u00abHad Zine jay men l\u2019Allemagne\u00bb (Cette beaut\u00e9 vient d\u2019Allemagne), \u00abLa taille 38\u00bb, \u00abLabssa jellaba\u00bb (Elle porte une djellaba), \u00abOula andi b\u00e9b\u00e9\u00bb (J\u2019ai d\u00e9sormais un b\u00e9b\u00e9), \u00abJarti habltni\u00bb (Ma voisine m\u2019a flipp\u00e9), \u00abLune de miel), \u00abNti Lgalb\u00bb (Tu es mon c\u0153ur) et \u00abLila Hadi\u00bb (Quelle nuit), son premier tube. Et c\u2019est le single \u00abKrit L\u2019message\u00bb (J\u2019ai lu le message) qui a fait conna\u00eetre en 2016 cet artiste \u00e2g\u00e9 de 28 ans.<\/p>\n<p>A propos du ra\u00ef, il indique, dans un entretien accord\u00e9 \u00e0 ALM, que ce genre est \u00abdevenu aujourd\u2019hui un m\u00e9lange de plusieurs styles musicaux. Actuellement, on peut chanter des m\u00e9lodies 100% ra\u00ef sur des instruments occidentaux qui n\u2019ont rien \u00e0 voir avec ce style. Et c\u2019est prometteur\u00bb. C\u2019est ce qu\u2019il fait visiblement en m\u00e9langeant son style \u00e0 celui de \u00abreggada\u00bb.<\/p>\n<p><a href=\"https:http:\/\/aujourdhui.ma\/wp-content\/uploads\/2021\/01\/Aymane-Serhani-Reggada.jpg\"><img decoding=\"async\" loading=\"lazy\" class=\"alignnone size-full wp-image-364653\" src=\"http:\/\/aujourdhui.ma\/wp-content\/uploads\/2021\/01\/Aymane-Serhani-Reggada.jpg\" alt=\"\" width=\"746\" height=\"380\" srcset=\"http:\/\/aujourdhui.ma\/wp-content\/uploads\/2021\/01\/Aymane-Serhani-Reggada.jpg 746w, \/\/aujourdhui.ma\/wp-content\/uploads\/2021\/01\/Aymane-Serhani-Reggada-300x153.jpg 300w, \/\/aujourdhui.ma\/wp-content\/uploads\/2021\/01\/Aymane-Serhani-Reggada-274x140.jpg 274w, \/\/aujourdhui.ma\/wp-content\/uploads\/2021\/01\/Aymane-Serhani-Reggada-165x84.jpg 165w, \/\/aujourdhui.ma\/wp-content\/uploads\/2021\/01\/Aymane-Serhani-Reggada-702x358.jpg 702w\" sizes=\"auto, (max-width: 746px) 100vw, 746px\"\/><\/a> <a href=\"https:http:\/\/aujourdhui.ma\/wp-content\/uploads\/2021\/01\/aymen.jpeg\"><img decoding=\"async\" loading=\"lazy\" class=\"alignnone size-full wp-image-364654\" src=\"http:\/\/aujourdhui.ma\/wp-content\/uploads\/2021\/01\/aymen.jpeg\" alt=\"\" width=\"1167\" height=\"647\" srcset=\"http:\/\/aujourdhui.ma\/wp-content\/uploads\/2021\/01\/aymen.jpeg 1167w, \/\/aujourdhui.ma\/wp-content\/uploads\/2021\/01\/aymen-300x166.jpeg 300w, \/\/aujourdhui.ma\/wp-content\/uploads\/2021\/01\/aymen-1024x568.jpeg 1024w, \/\/aujourdhui.ma\/wp-content\/uploads\/2021\/01\/aymen-768x426.jpeg 768w\" sizes=\"auto, (max-width: 1167px) 100vw, 1167px\"\/><\/a> <a href=\"https:http:\/\/aujourdhui.ma\/wp-content\/uploads\/2021\/01\/aymen1.jpeg\"><img decoding=\"async\" loading=\"lazy\" class=\"alignnone size-full wp-image-364655\" src=\"http:\/\/aujourdhui.ma\/wp-content\/uploads\/2021\/01\/aymen1.jpeg\" alt=\"\" width=\"1182\" height=\"657\" srcset=\"http:\/\/aujourdhui.ma\/wp-content\/uploads\/2021\/01\/aymen1.jpeg 1182w, \/\/aujourdhui.ma\/wp-content\/uploads\/2021\/01\/aymen1-300x167.jpeg 300w, \/\/aujourdhui.ma\/wp-content\/uploads\/2021\/01\/aymen1-1024x569.jpeg 1024w, \/\/aujourdhui.ma\/wp-content\/uploads\/2021\/01\/aymen1-768x427.jpeg 768w\" sizes=\"auto, (max-width: 1182px) 100vw, 1182px\"\/><\/a><\/p>\n<p>Auteur: Salima Guisser<br \/>\n<a href=\"https:\/\/aujourdhui.ma\/culture\/interprete-avec-cheikh-mokhtar-el-berkani-encore-un-nouveau-single-en-reggada-pour-aymane-serhani\">Cliquez ici pour lire l&rsquo;article depuis sa source.<\/a><\/p>\n","protected":false},"excerpt":{"rendered":"<p>Le style \u00abreggada\u00bb continue \u00e0 attirer le chanteur franco-marocain Aymane Serhani, connu pour l\u2019art du ra\u00ef. Apr\u00e8s \u00abMa nedikch a l\u2019vacancia\u00bb (Vacanci\u00e8re, je te prends pas), lanc\u00e9 en rythmes de l\u2019Oriental, en featuring avec Cheikh Mokhtar El Berkani, il vient de lancer avec ce chanteur un nouveau tube appel\u00e9 \u00abRani Nebghih\u00bb (Je l\u2019aime) dans le [&hellip;]<\/p>\n","protected":false},"author":1759,"featured_media":0,"comment_status":"closed","ping_status":"closed","sticky":false,"template":"","format":"standard","meta":{"fifu_image_url":"http:\/\/aujourdhui.ma\/wp-content\/uploads\/2021\/01\/Encore-un-nouveau-single-en-reggada-pour-Aymane-Serhani.jpg","fifu_image_alt":"Interpr\u00e9t\u00e9 avec Cheikh Mokhtar El Berkani : Encore un nouveau single en reggada pour Aymane Serhani","footnotes":""},"categories":[73,54],"tags":[],"class_list":["post-108639","post","type-post","status-publish","format-standard","hentry","category-actualite","category-maroc"],"_links":{"self":[{"href":"https:\/\/linitiative.ca\/International\/wp-json\/wp\/v2\/posts\/108639","targetHints":{"allow":["GET"]}}],"collection":[{"href":"https:\/\/linitiative.ca\/International\/wp-json\/wp\/v2\/posts"}],"about":[{"href":"https:\/\/linitiative.ca\/International\/wp-json\/wp\/v2\/types\/post"}],"author":[{"embeddable":true,"href":"https:\/\/linitiative.ca\/International\/wp-json\/wp\/v2\/users\/1759"}],"replies":[{"embeddable":true,"href":"https:\/\/linitiative.ca\/International\/wp-json\/wp\/v2\/comments?post=108639"}],"version-history":[{"count":0,"href":"https:\/\/linitiative.ca\/International\/wp-json\/wp\/v2\/posts\/108639\/revisions"}],"wp:attachment":[{"href":"https:\/\/linitiative.ca\/International\/wp-json\/wp\/v2\/media?parent=108639"}],"wp:term":[{"taxonomy":"category","embeddable":true,"href":"https:\/\/linitiative.ca\/International\/wp-json\/wp\/v2\/categories?post=108639"},{"taxonomy":"post_tag","embeddable":true,"href":"https:\/\/linitiative.ca\/International\/wp-json\/wp\/v2\/tags?post=108639"}],"curies":[{"name":"wp","href":"https:\/\/api.w.org\/{rel}","templated":true}]}}