{"id":108657,"date":"2021-01-04T14:54:03","date_gmt":"2021-01-04T19:54:03","guid":{"rendered":"https:\/\/linitiative.ca\/International\/casablanca-ou-sont-les-manuels-des-eleves-de-ce1\/"},"modified":"2021-01-04T14:54:03","modified_gmt":"2021-01-04T19:54:03","slug":"casablanca-ou-sont-les-manuels-des-eleves-de-ce1","status":"publish","type":"post","link":"https:\/\/linitiative.ca\/International\/casablanca-ou-sont-les-manuels-des-eleves-de-ce1\/","title":{"rendered":"Casablanca: O\u00f9 sont les manuels des \u00e9l\u00e8ves de CE1?"},"content":{"rendered":"<p class=\"rtejustify\">La situation n\u2019a que trop dur\u00e9. Les \u00e9l\u00e8ves de 1re ann\u00e9e du primaire \u00e0 Casablanca n\u2019ont pas tous re\u00e7u leurs livres, fournitures et cartables pr\u00e9vus dans le cadre de l\u2019op\u00e9ration Un million de cartables. D\u2019apr\u00e8s les t\u00e9moignages re\u00e7us, seuls les manuels de fran\u00e7ais, jug\u00e9s \u00absecondaires\u00bb par les enseignants car permettant uniquement une initiation, ont \u00e9t\u00e9 livr\u00e9s \u00e0 ce jour, alors que le premier semestre scolaire sera bient\u00f4t achev\u00e9. Pour rappel, la distribution des cartables avec livres et fournitures est du ressort de la commune de Casablanca, selon l\u2019Acad\u00e9mie r\u00e9gionale de l\u2019\u00e9ducation et de la formation. L\u2019ann\u00e9e derni\u00e8re aussi, quelque deux mois de retard avaient \u00e9t\u00e9 enregistr\u00e9s.\u00a0<\/p>\n<p class=\"rtejustify\"><em>A.Na<\/em><\/p>\n<p>Auteur: hlafriqi<br \/>\n<a href=\"https:\/\/www.leconomiste.com\/article\/1071552-casablanca-ou-sont-les-manuels-des-eleves-de-ce1\">Cliquez ici pour lire l&rsquo;article depuis sa source.<\/a><\/p>\n","protected":false},"excerpt":{"rendered":"<p>La situation n\u2019a que trop dur\u00e9. Les \u00e9l\u00e8ves de 1re ann\u00e9e du primaire \u00e0 Casablanca n\u2019ont pas tous re\u00e7u leurs livres, fournitures et cartables pr\u00e9vus dans le cadre de l\u2019op\u00e9ration Un million de cartables. D\u2019apr\u00e8s les t\u00e9moignages re\u00e7us, seuls les manuels de fran\u00e7ais, jug\u00e9s \u00absecondaires\u00bb par les enseignants car permettant uniquement une initiation, ont \u00e9t\u00e9 [&hellip;]<\/p>\n","protected":false},"author":1763,"featured_media":0,"comment_status":"closed","ping_status":"closed","sticky":false,"template":"","format":"standard","meta":{"fifu_image_url":"","fifu_image_alt":"","footnotes":""},"categories":[78,54],"tags":[],"class_list":["post-108657","post","type-post","status-publish","format-standard","hentry","category-economie","category-maroc"],"_links":{"self":[{"href":"https:\/\/linitiative.ca\/International\/wp-json\/wp\/v2\/posts\/108657","targetHints":{"allow":["GET"]}}],"collection":[{"href":"https:\/\/linitiative.ca\/International\/wp-json\/wp\/v2\/posts"}],"about":[{"href":"https:\/\/linitiative.ca\/International\/wp-json\/wp\/v2\/types\/post"}],"author":[{"embeddable":true,"href":"https:\/\/linitiative.ca\/International\/wp-json\/wp\/v2\/users\/1763"}],"replies":[{"embeddable":true,"href":"https:\/\/linitiative.ca\/International\/wp-json\/wp\/v2\/comments?post=108657"}],"version-history":[{"count":0,"href":"https:\/\/linitiative.ca\/International\/wp-json\/wp\/v2\/posts\/108657\/revisions"}],"wp:attachment":[{"href":"https:\/\/linitiative.ca\/International\/wp-json\/wp\/v2\/media?parent=108657"}],"wp:term":[{"taxonomy":"category","embeddable":true,"href":"https:\/\/linitiative.ca\/International\/wp-json\/wp\/v2\/categories?post=108657"},{"taxonomy":"post_tag","embeddable":true,"href":"https:\/\/linitiative.ca\/International\/wp-json\/wp\/v2\/tags?post=108657"}],"curies":[{"name":"wp","href":"https:\/\/api.w.org\/{rel}","templated":true}]}}