{"id":108658,"date":"2021-01-04T14:54:06","date_gmt":"2021-01-04T19:54:06","guid":{"rendered":"https:\/\/linitiative.ca\/International\/nouvel-an-fetes-clandestines-a-marrakech\/"},"modified":"2021-01-04T14:54:06","modified_gmt":"2021-01-04T19:54:06","slug":"nouvel-an-fetes-clandestines-a-marrakech","status":"publish","type":"post","link":"https:\/\/linitiative.ca\/International\/nouvel-an-fetes-clandestines-a-marrakech\/","title":{"rendered":"Nouvel An: F\u00eates clandestines \u00e0 Marrakech"},"content":{"rendered":"<p class=\"rtejustify\">Des violations du couvre-feu durant la nuit du Nouvel An ont \u00e9t\u00e9 constat\u00e9es \u00e0 plusieurs endroits \u00e0 Marrakech, y compris dans des h\u00f4tels. Ces f\u00eates ont \u00e9t\u00e9 interrompues par les autorit\u00e9s locales. En effet, celles-ci ont men\u00e9 des descentes et des op\u00e9rations de contr\u00f4le\u00a0 et les contrevenants ont \u00e9t\u00e9 verbalis\u00e9s.<\/p>\n<p class=\"rtejustify\"><em>B.B.<\/em><\/p>\n<p>Auteur: hlafriqi<br \/>\n<a href=\"https:\/\/www.leconomiste.com\/article\/1071553-nouvel-fetes-clandestines-marrakech\">Cliquez ici pour lire l&rsquo;article depuis sa source.<\/a><\/p>\n","protected":false},"excerpt":{"rendered":"<p>Des violations du couvre-feu durant la nuit du Nouvel An ont \u00e9t\u00e9 constat\u00e9es \u00e0 plusieurs endroits \u00e0 Marrakech, y compris dans des h\u00f4tels. Ces f\u00eates ont \u00e9t\u00e9 interrompues par les autorit\u00e9s locales. En effet, celles-ci ont men\u00e9 des descentes et des op\u00e9rations de contr\u00f4le\u00a0 et les contrevenants ont \u00e9t\u00e9 verbalis\u00e9s. B.B. Auteur: hlafriqi Cliquez ici [&hellip;]<\/p>\n","protected":false},"author":1763,"featured_media":0,"comment_status":"closed","ping_status":"closed","sticky":false,"template":"","format":"standard","meta":{"fifu_image_url":"","fifu_image_alt":"","footnotes":""},"categories":[78,54],"tags":[],"class_list":["post-108658","post","type-post","status-publish","format-standard","hentry","category-economie","category-maroc"],"_links":{"self":[{"href":"https:\/\/linitiative.ca\/International\/wp-json\/wp\/v2\/posts\/108658","targetHints":{"allow":["GET"]}}],"collection":[{"href":"https:\/\/linitiative.ca\/International\/wp-json\/wp\/v2\/posts"}],"about":[{"href":"https:\/\/linitiative.ca\/International\/wp-json\/wp\/v2\/types\/post"}],"author":[{"embeddable":true,"href":"https:\/\/linitiative.ca\/International\/wp-json\/wp\/v2\/users\/1763"}],"replies":[{"embeddable":true,"href":"https:\/\/linitiative.ca\/International\/wp-json\/wp\/v2\/comments?post=108658"}],"version-history":[{"count":0,"href":"https:\/\/linitiative.ca\/International\/wp-json\/wp\/v2\/posts\/108658\/revisions"}],"wp:attachment":[{"href":"https:\/\/linitiative.ca\/International\/wp-json\/wp\/v2\/media?parent=108658"}],"wp:term":[{"taxonomy":"category","embeddable":true,"href":"https:\/\/linitiative.ca\/International\/wp-json\/wp\/v2\/categories?post=108658"},{"taxonomy":"post_tag","embeddable":true,"href":"https:\/\/linitiative.ca\/International\/wp-json\/wp\/v2\/tags?post=108658"}],"curies":[{"name":"wp","href":"https:\/\/api.w.org\/{rel}","templated":true}]}}