{"id":108663,"date":"2021-01-04T11:00:00","date_gmt":"2021-01-04T16:00:00","guid":{"rendered":"https:\/\/linitiative.ca\/International\/abderrahmane-meziane-a-letoile\/"},"modified":"2021-01-04T11:00:00","modified_gmt":"2021-01-04T16:00:00","slug":"abderrahmane-meziane-a-letoile","status":"publish","type":"post","link":"https:\/\/linitiative.ca\/International\/abderrahmane-meziane-a-letoile\/","title":{"rendered":"Abderrahmane Meziane\u00a0\u00e0 l\u2019Etoile\u00a0?"},"content":{"rendered":"<p class=\"p1 c3\"><span class=\"c2\">En perspective du prochain mercato hivernal qui pointe \u00e0 l\u2019horizon dans quelques jours, et conscient des carences de l\u2019\u00e9quipe au niveau des couloirs, nous avons appris que les d\u00e9cideurs du club sah\u00e9lien auraient coch\u00e9 le nom de l\u2019actuel soci\u00e9taire de l\u2019EST, l\u2019Alg\u00e9rien Abderrahmane Meziane. Affaire \u00e0 suivre\u2026<\/span><\/p>\n<p class=\"p2 c4\"><span class=\"c2\"><strong>Un casse-t\u00eate nomm\u00e9 Kechrida\u00a0!<\/strong><\/span><\/p>\n<p class=\"p1 c3\"><span class=\"c2\">L\u2019arri\u00e8re droit international de l\u2019Etoile et l\u2019un des joueurs les plus en vue depuis l\u2019entame de la nouvelle saison 2020-2021,donne vraiment des soucis \u00e0 l\u2019establishment de l\u2019ESS,puisque son bail expire en juin prochain,ce qui lui conf\u00e8re une position vraiment confortable pour n\u00e9gocier\u00a0\u00ab\u00a0librement\u00a0\u00bb un d\u00e9part sous d\u2019autres cieux \u00e0 partir de ce mois de janvier.<\/span><\/p>\n<p class=\"p1 c3\"><span class=\"c2\">Une situation embarrassante pour la direction de l\u2019Etoile qui s\u2019est compliqu\u00e9e la tache au sujet de Kechrida avec sa lenteur manag\u00e9riale.<\/span><\/p>\n<p class=\"p3 c5\"><span class=\"c2\"><strong>Hatem REGAIEG<\/strong><\/span><\/p>\n<p>Auteur: letemps1<br \/>\n<a href=\"http:\/\/www.letemps.com.tn\/article\/118743\/abderrahmane-meziane%C2%A0%C3%A0-l%E2%80%99etoile%C2%A0\">Cliquez ici pour lire l&rsquo;article depuis sa source.<\/a><\/p>\n","protected":false},"excerpt":{"rendered":"<p>En perspective du prochain mercato hivernal qui pointe \u00e0 l\u2019horizon dans quelques jours, et conscient des carences de l\u2019\u00e9quipe au niveau des couloirs, nous avons appris que les d\u00e9cideurs du club sah\u00e9lien auraient coch\u00e9 le nom de l\u2019actuel soci\u00e9taire de l\u2019EST, l\u2019Alg\u00e9rien Abderrahmane Meziane. Affaire \u00e0 suivre\u2026 Un casse-t\u00eate nomm\u00e9 Kechrida\u00a0! L\u2019arri\u00e8re droit international de [&hellip;]<\/p>\n","protected":false},"author":1773,"featured_media":0,"comment_status":"closed","ping_status":"closed","sticky":false,"template":"","format":"standard","meta":{"fifu_image_url":"","fifu_image_alt":"","footnotes":""},"categories":[73,55],"tags":[],"class_list":["post-108663","post","type-post","status-publish","format-standard","hentry","category-actualite","category-tunisie"],"_links":{"self":[{"href":"https:\/\/linitiative.ca\/International\/wp-json\/wp\/v2\/posts\/108663","targetHints":{"allow":["GET"]}}],"collection":[{"href":"https:\/\/linitiative.ca\/International\/wp-json\/wp\/v2\/posts"}],"about":[{"href":"https:\/\/linitiative.ca\/International\/wp-json\/wp\/v2\/types\/post"}],"author":[{"embeddable":true,"href":"https:\/\/linitiative.ca\/International\/wp-json\/wp\/v2\/users\/1773"}],"replies":[{"embeddable":true,"href":"https:\/\/linitiative.ca\/International\/wp-json\/wp\/v2\/comments?post=108663"}],"version-history":[{"count":0,"href":"https:\/\/linitiative.ca\/International\/wp-json\/wp\/v2\/posts\/108663\/revisions"}],"wp:attachment":[{"href":"https:\/\/linitiative.ca\/International\/wp-json\/wp\/v2\/media?parent=108663"}],"wp:term":[{"taxonomy":"category","embeddable":true,"href":"https:\/\/linitiative.ca\/International\/wp-json\/wp\/v2\/categories?post=108663"},{"taxonomy":"post_tag","embeddable":true,"href":"https:\/\/linitiative.ca\/International\/wp-json\/wp\/v2\/tags?post=108663"}],"curies":[{"name":"wp","href":"https:\/\/api.w.org\/{rel}","templated":true}]}}