{"id":108664,"date":"2021-01-04T11:00:00","date_gmt":"2021-01-04T16:00:00","guid":{"rendered":"https:\/\/linitiative.ca\/International\/coulibaly-je-ne-sais-pas-ce-qui-se-passe-quand-on-joue-lesperance\/"},"modified":"2021-01-04T11:00:00","modified_gmt":"2021-01-04T16:00:00","slug":"coulibaly-je-ne-sais-pas-ce-qui-se-passe-quand-on-joue-lesperance","status":"publish","type":"post","link":"https:\/\/linitiative.ca\/International\/coulibaly-je-ne-sais-pas-ce-qui-se-passe-quand-on-joue-lesperance\/","title":{"rendered":"Coulibaly\u00a0: \u00abJe ne sais pas ce qui se passe quand on joue l\u2019Esp\u00e9rance\u00a0!\u00bb"},"content":{"rendered":"<p class=\"p1 c3\"><span class=\"c2\">La conclusion accablante qui s\u2019est d\u00e9gag\u00e9e de la prestation le moins que l\u2019on puisse avouer terne des \u00e9toil\u00e9s contre l\u2019EST, c\u2019est que les prot\u00e9g\u00e9s de Jorvan Vieira se sont clairement pr\u00e9sent\u00e9s vendredi dernier au stade de Rad\u00e8s avec l\u2019intention d\u2019\u00e9viter la d\u00e9faite et non pas de tenter de surprendre les\u00a0\u00ab\u00a0sang et or\u00a0\u00bb dans leur fief.<\/span><\/p>\n<p class=\"p1 c3\"><span class=\"c2\">On avait comme l\u2019impression que les \u00e9toil\u00e9s \u00e9taient incapables de scorer m\u00eame si on faisait durer la rencontre ind\u00e9finiment, tellement leur comportement \u00e9tait st\u00e9r\u00e9otyp\u00e9 et leurs man\u0153uvres manquaient de percussion et de cr\u00e9ativit\u00e9. Et pour preuve, ils n\u2019ont pu relativement inqui\u00e9ter l\u2019arri\u00e8re garde de l\u2019EST sur l\u2019ensemble de la rencontre qu\u2019\u00e0 deux reprises par l\u2019interm\u00e9diaire de Ben Ouann\u00e8s \u00e0 la 7\u2019 et Zerdoum \u00e0 la 70\u2019.<\/span><\/p>\n<p class=\"p1 c3\"><span class=\"c2\">Le spectacle \u00e9tait d\u00e9solant vendredi apr\u00e8s-midi du c\u00f4t\u00e9 \u00e9toil\u00e9, puisque les hommes Vieira se sont bizarrement cantonn\u00e9s dans leur moiti\u00e9 de terrain, adoptant un bloc bas \u00e9tonnant et se sont content\u00e9s de placer des contres sporadiques sans la moindre gravit\u00e9 et surtout sans conviction aucune. D\u2019ailleurs la r\u00e9action de Vieira est aussi surprenante \u00e0 ce sujet, puisque lui aussi n\u2019a rien compris de ce blocage\u00a0\u00ab\u00a0Moi non plus je n\u2019ai rien compris \u00e0 ce qui s\u2019est pass\u00e9, je n\u2019ai rien vu sur le terrain, je pr\u00e9sente mes excuses aux supporters de l\u2019Etoile pour la prestation m\u00e9diocre que nous avons fourni cet apr\u00e8s-midi\u00a0\u00bb.<\/span><\/p>\n<p class=\"p2 c4\"><span class=\"c2\"><strong>Coulibaly\u00a0:\u00ab\u00a0Un blocage\u00a0!\u00a0\u00bb<\/strong><\/span><\/p>\n<p class=\"p1 c3\"><span class=\"c2\">Cet \u00e9tat d\u2019esprit st\u00e9rile voire d\u00e9faitiste et indigne de l\u2019Etoile a \u00e9t\u00e9 explicitement avou\u00e9 par Souleymane Coulibaly\u00a0\u00ab\u00a0Quand on est crisp\u00e9s comme on l\u2019a \u00e9t\u00e9 aujourd\u2019hui et cantonn\u00e9s dans notre moiti\u00e9 face \u00e0 une grosse \u00e9quipe comme l\u2019Esp\u00e9rance, \u00e7a ne marche pas.Sinc\u00e8rement,je ne comprends pas ce qui se passe quand on joue l\u2019EST ici \u00e0 Rad\u00e8s,c\u2019est la 2\u00e8me fois que j\u2019affronte les\u00a0\u00ab\u00a0Sang et Or\u00a0\u00bb ici et c\u2019est toujours le m\u00eame \u00e9tat d\u2019esprit, ce m\u00eame blocage qui se r\u00e9p\u00e8te\u00a0\u00bb a d\u00e9clar\u00e9 l\u2019attaquant ivoirien visiblement d\u00e9\u00e7u \u00e0 l\u2019issue de la rencontre.<\/span><\/p>\n<p class=\"p2 c4\"><span class=\"c2\"><strong>La bataille perdue<span class=\"Apple-converted-space\">\u00a0<\/span><\/strong><\/span><\/p>\n<p class=\"p2 c4\"><span class=\"c2\"><strong>de la ligne m\u00e9diane\u00a0!<\/strong><\/span><\/p>\n<p class=\"p1 c3\"><span class=\"c2\">Il faut avouer d\u2019embl\u00e9e que le dispositif mis en place par Jorvan Vieira \u00e9tait clairement suicidaire vendredi dernier, notamment au niveau du secteur purement d\u00e9fensif de l\u2019entrejeu.<\/span><\/p>\n<p class=\"p1 c3\"><span class=\"c2\">En effet, affronter l\u2019EST avec deux milieux r\u00e9cup\u00e9rateurs \u00e0 savoir un Boukhanchouche<span class=\"Apple-converted-space\">\u00a0<\/span> nerveux et un Ayoub Ayed se remettant \u00e0 peine de sa contamination au Covid et manquant naturellement de fraicheur physique\u00a0;a \u00e9t\u00e9 un fiasco sur toute la ligne,puisque les \u00e9toil\u00e9s n\u2019avaient pratiquement pas gagn\u00e9 de duels et \u00e9taient domin\u00e9s outrageusement par le trio de la ligne m\u00e9diane de l\u2019EST compos\u00e9 de Coulibaly, Chaalali et Ben Romdhane,qui ont de surcroit pris presque toutes les deuxi\u00e8mes balles,contrairement aux sah\u00e9liens qui donnaient l\u2019impression que ce secteur ne les concernait pas\u00a0!<\/span><\/p>\n<p class=\"p1 c3\"><span class=\"c2\">Il faut avouer que les \u00e9toil\u00e9s \u00e9taient nettement amoindris \u00e0 ce niveau compte tenu de l\u2019absence de Ben Amor et Baayou outre les carences physiques de Haj Mahmoud qui revient d\u2019une longue absence.Mais cette carence ne peut gu\u00e8re estomper le manque d\u2019improvisation tactique du coach de l\u2019Etoile,qui pouvait opter pour la solution Kechrida en tant que milieu d\u00e9fensif,lui qui jouait \u00e0 ce poste pendant de longues ann\u00e9es chez les jeunes et m\u00eame sporadiquement avec l\u2019\u00e9quipe fanion,outre l\u2019alternative de libyen Abdallah Dagou,un \u00e9l\u00e9ment p\u00e9tri de qualit\u00e9 avec son abattage et sa rigueur.Donc Vieira assume pleinement la responsabilit\u00e9 de cette d\u00e9faillance tactique et manag\u00e9riale.<\/span><\/p>\n<p class=\"p1 c3\"><span class=\"c2\">Le mal \u00e9tant fait,il va falloir se remettre en question scrupuleusement et rapidement,en pr\u00e9vision de la rencontre retour de mercredi prochain contre Arab Contractors en coupe de la CAF,avec surtout l\u2019urgence de\u00a0\u00ab\u00a0secouer\u00a0\u00bb fermement et sans \u00e9tats d\u2019\u00e2me superflus certains joueurs et m\u00eame le staff technique\u00a0!<\/span><\/p>\n<p class=\"p3 c5\">\u00a0<\/p>\n<p class=\"p4 c6\"><span class=\"c2\"><strong>Hatem REGAIEG<\/strong><\/span><\/p>\n<p>Auteur: letemps1<br \/>\n<a href=\"http:\/\/www.letemps.com.tn\/article\/118744\/coulibaly%C2%A0-%C2%ABje-ne-sais-pas-ce-qui-se-passe-quand-joue-l%E2%80%99esp%C3%A9rance%C2%A0%C2%BB\">Cliquez ici pour lire l&rsquo;article depuis sa source.<\/a><\/p>\n","protected":false},"excerpt":{"rendered":"<p>La conclusion accablante qui s\u2019est d\u00e9gag\u00e9e de la prestation le moins que l\u2019on puisse avouer terne des \u00e9toil\u00e9s contre l\u2019EST, c\u2019est que les prot\u00e9g\u00e9s de Jorvan Vieira se sont clairement pr\u00e9sent\u00e9s vendredi dernier au stade de Rad\u00e8s avec l\u2019intention d\u2019\u00e9viter la d\u00e9faite et non pas de tenter de surprendre les\u00a0\u00ab\u00a0sang et or\u00a0\u00bb dans leur fief. [&hellip;]<\/p>\n","protected":false},"author":1773,"featured_media":0,"comment_status":"closed","ping_status":"closed","sticky":false,"template":"","format":"standard","meta":{"fifu_image_url":"","fifu_image_alt":"","footnotes":""},"categories":[73,55],"tags":[],"class_list":["post-108664","post","type-post","status-publish","format-standard","hentry","category-actualite","category-tunisie"],"_links":{"self":[{"href":"https:\/\/linitiative.ca\/International\/wp-json\/wp\/v2\/posts\/108664","targetHints":{"allow":["GET"]}}],"collection":[{"href":"https:\/\/linitiative.ca\/International\/wp-json\/wp\/v2\/posts"}],"about":[{"href":"https:\/\/linitiative.ca\/International\/wp-json\/wp\/v2\/types\/post"}],"author":[{"embeddable":true,"href":"https:\/\/linitiative.ca\/International\/wp-json\/wp\/v2\/users\/1773"}],"replies":[{"embeddable":true,"href":"https:\/\/linitiative.ca\/International\/wp-json\/wp\/v2\/comments?post=108664"}],"version-history":[{"count":0,"href":"https:\/\/linitiative.ca\/International\/wp-json\/wp\/v2\/posts\/108664\/revisions"}],"wp:attachment":[{"href":"https:\/\/linitiative.ca\/International\/wp-json\/wp\/v2\/media?parent=108664"}],"wp:term":[{"taxonomy":"category","embeddable":true,"href":"https:\/\/linitiative.ca\/International\/wp-json\/wp\/v2\/categories?post=108664"},{"taxonomy":"post_tag","embeddable":true,"href":"https:\/\/linitiative.ca\/International\/wp-json\/wp\/v2\/tags?post=108664"}],"curies":[{"name":"wp","href":"https:\/\/api.w.org\/{rel}","templated":true}]}}