{"id":108666,"date":"2021-01-04T11:00:00","date_gmt":"2021-01-04T16:00:00","guid":{"rendered":"https:\/\/linitiative.ca\/International\/les-deux-geants-madrilenes-poursuivent-leur-duel-a-distance\/"},"modified":"2021-01-04T11:00:00","modified_gmt":"2021-01-04T16:00:00","slug":"les-deux-geants-madrilenes-poursuivent-leur-duel-a-distance","status":"publish","type":"post","link":"https:\/\/linitiative.ca\/International\/les-deux-geants-madrilenes-poursuivent-leur-duel-a-distance\/","title":{"rendered":"Les deux g\u00e9ants madril\u00e8nes poursuivent leur duel \u00e0 distance"},"content":{"rendered":"<p class=\"p1 c3\"><span class=\"c2\">L\u2019Atl\u00e9tico Madrid, leader, et le Real Madrid, son dauphin, poursuivent leur mano \u00e0 mano dans la course au titre en Liga, lors de la 17e journ\u00e9e du Championnat d\u2019Espagne depuis hier<\/span><\/p>\n<p class=\"p1 c3\"><span class=\"c2\">Tenu en \u00e9chec \u00e0 Elche (1-1) mercredi, le Real, qui pointe \u00e0 deux points de son rival madril\u00e8ne malgr\u00e9 deux matches disput\u00e9s en plus, n\u2019a pas vraiment le droit \u00e0 l\u2019erreur \u00e0 domicile face au Celta Vigo. Le champion en titre esp\u00e8re sans doute pouvoir s\u2019appuyer encore sur un Karim Benzema \u00e9tincelant jusqu\u2019\u00e0 pr\u00e9sent (huit buts et cinq passes d\u00e9cisives en Liga cette saison).<\/span><\/p>\n<p class=\"p1 c3\"><span class=\"c2\">Mais les hommes de Zin\u00e9dine Zidane auront forc\u00e9ment \u00e0 l\u2019oeil du c\u00f4t\u00e9 adverseIago Aspas, actuel meilleur buteur et passeur de Liga avec neuf r\u00e9alisations et six passes d\u00e9cisives.<\/span><\/p>\n<p class=\"p1 c3\"><span class=\"c2\">En d\u00e9placement \u00e0 Alav\u00e8s aujourd\u2019hui, l\u2019Atl\u00e9tico, sacr\u00e9 pour la derni\u00e8re fois en 2014, a l\u2019occasion de d\u00e9montrer l\u2019\u00e9tendue de ses ambitions alors que la premi\u00e8re moiti\u00e9 de la saison de Liga n\u2019est pas encore achev\u00e9e.<\/span><\/p>\n<p class=\"p1 c3\"><span class=\"c2\">La formation entra\u00een\u00e9e par Diego Simeone a lib\u00e9r\u00e9 mardi de son contrat l\u2019attaquant hispano-br\u00e9silien Diego Costa, mais elle pourra une nouvelle fois compter sur Luis Suarez.<\/span><\/p>\n<p class=\"p1 c3\"><span class=\"c2\">L\u2019international uruguayen, en tr\u00e8s net regain de forme depuis son d\u00e9part du Bar\u00e7a cet \u00e9t\u00e9, a inscrit mercredi le seul but des siens lors du pr\u00e9cieux succ\u00e8s contre Getafe (1-0), son huiti\u00e8me en Liga.<\/span><\/p>\n<p class=\"p1 c3\"><span class=\"c2\">Troisi\u00e8me, \u00e0 six points de l\u2019Atl\u00e9tico, la Real Sociedad, seule \u00e9quipe \u00e0 avoir disput\u00e9 17 rencontres, accueille son voisin d\u2019Osasuna aujourd\u2019hui.<\/span><\/p>\n<p class=\"p1 c3\"><span class=\"c2\">Terne 6e, le FC Barcelone, dix points derri\u00e8re le leader avec un match en retard \u00e0 disputer, a une obligation de victoire sur le terrain de la lanterne rouge Huesca.<\/span><\/p>\n<p class=\"p1 c3\"><span class=\"c2\">Le club catalan, en pleine p\u00e9riode \u00e9lectorale pour d\u00e9signer un nouveau pr\u00e9sident, vit \u00e9galement dans l\u2019incertitude autour de l\u2019avenir de son idole argentine Lionel Messi, dont le contrat prend fin en juin prochain.<\/span><\/p>\n<p class=\"p1 c3\"><span class=\"c2\">Le FC Valence, qui lutte contre la menace d\u2019une rel\u00e9gation apr\u00e8s 34 saisons cons\u00e9cutives dans l\u2019\u00e9lite, cl\u00f4turera cette 17e journ\u00e9e demain soir avec la r\u00e9ception de Cadix, solide promu.<\/span><\/p>\n<p>Auteur: letemps1<br \/>\n<a href=\"http:\/\/www.letemps.com.tn\/article\/118746\/les-deux-g%C3%A9ants-madril%C3%A8nes-poursuivent-leur-duel-%C3%A0-distance\">Cliquez ici pour lire l&rsquo;article depuis sa source.<\/a><\/p>\n","protected":false},"excerpt":{"rendered":"<p>L\u2019Atl\u00e9tico Madrid, leader, et le Real Madrid, son dauphin, poursuivent leur mano \u00e0 mano dans la course au titre en Liga, lors de la 17e journ\u00e9e du Championnat d\u2019Espagne depuis hier Tenu en \u00e9chec \u00e0 Elche (1-1) mercredi, le Real, qui pointe \u00e0 deux points de son rival madril\u00e8ne malgr\u00e9 deux matches disput\u00e9s en plus, [&hellip;]<\/p>\n","protected":false},"author":1773,"featured_media":0,"comment_status":"closed","ping_status":"closed","sticky":false,"template":"","format":"standard","meta":{"fifu_image_url":"","fifu_image_alt":"","footnotes":""},"categories":[73,55],"tags":[],"class_list":["post-108666","post","type-post","status-publish","format-standard","hentry","category-actualite","category-tunisie"],"_links":{"self":[{"href":"https:\/\/linitiative.ca\/International\/wp-json\/wp\/v2\/posts\/108666","targetHints":{"allow":["GET"]}}],"collection":[{"href":"https:\/\/linitiative.ca\/International\/wp-json\/wp\/v2\/posts"}],"about":[{"href":"https:\/\/linitiative.ca\/International\/wp-json\/wp\/v2\/types\/post"}],"author":[{"embeddable":true,"href":"https:\/\/linitiative.ca\/International\/wp-json\/wp\/v2\/users\/1773"}],"replies":[{"embeddable":true,"href":"https:\/\/linitiative.ca\/International\/wp-json\/wp\/v2\/comments?post=108666"}],"version-history":[{"count":0,"href":"https:\/\/linitiative.ca\/International\/wp-json\/wp\/v2\/posts\/108666\/revisions"}],"wp:attachment":[{"href":"https:\/\/linitiative.ca\/International\/wp-json\/wp\/v2\/media?parent=108666"}],"wp:term":[{"taxonomy":"category","embeddable":true,"href":"https:\/\/linitiative.ca\/International\/wp-json\/wp\/v2\/categories?post=108666"},{"taxonomy":"post_tag","embeddable":true,"href":"https:\/\/linitiative.ca\/International\/wp-json\/wp\/v2\/tags?post=108666"}],"curies":[{"name":"wp","href":"https:\/\/api.w.org\/{rel}","templated":true}]}}