{"id":108675,"date":"2021-01-04T11:10:00","date_gmt":"2021-01-04T16:10:00","guid":{"rendered":"https:\/\/linitiative.ca\/International\/tunisie-2011-2021-ce-quil-faut-retenir-et-ce-quil-faut-batir-une-serie-dinterviews-video-et-un-ouvrage-collectif\/"},"modified":"2021-01-04T11:10:00","modified_gmt":"2021-01-04T16:10:00","slug":"tunisie-2011-2021-ce-quil-faut-retenir-et-ce-quil-faut-batir-une-serie-dinterviews-video-et-un-ouvrage-collectif","status":"publish","type":"post","link":"https:\/\/linitiative.ca\/International\/tunisie-2011-2021-ce-quil-faut-retenir-et-ce-quil-faut-batir-une-serie-dinterviews-video-et-un-ouvrage-collectif\/","title":{"rendered":"Tunisie 2011 \u2013 2021 : Ce qu\u2019il faut retenir et ce qu\u2019il faut b\u00e2tir : une s\u00e9rie d\u2019interviews vid\u00e9o et un ouvrage collectif"},"content":{"rendered":"<p>Que faut-il retenir le plus des dix derni\u00e8res ann\u00e9es ? Qu\u2019avions-nous jusque-l\u00e0 instaur\u00e9 comme d\u00e9mocratie effective et que devrions-nous rattraper au plus viteau cours dix prochaines ann\u00e9es ? Un ne s\u00e9rie d\u2019interviews vid\u00e9o et un ouvrage collectif, r\u00e9alis\u00e9s par <span class=\"c2\"><strong>Leaders<\/strong><\/span>, livrent des messages forts qui nous interpellent. Dix ans apr\u00e8s le 14 janvier 2011, des t\u00e9moins et acteurs clefs partagent leurs analyses. Que s\u2019est-il pass\u00e9 au juste ? Que doit-il se passer d\u00e9sormais ? Comment \u00e9riger la d\u00e9mocratie en pratique quotidienne de gouvernance et en expression concr\u00e8te de valeurs ? <span class=\"c2\"><strong>Leaders<\/strong><\/span> a interrog\u00e9 des personnalit\u00e9s tunisiennes de premier plan, dans la diversit\u00e9 de leurs convictions.<br \/>Pour y r\u00e9pondre, deux supports ont \u00e9t\u00e9 retenus :<\/p>\n<p class=\"c4\"><span class=\"c3\"><strong>\u2022<\/strong><\/span> Des interviews vid\u00e9o en format court de 3 minutes et en version int\u00e9grale<\/p>\n<p class=\"c4\"><span class=\"c3\"><strong>\u2022<\/strong><\/span> Un ouvrage collectif publiant 24 contributions \u00e9crites, intitul\u00e9 \u00ab Tunisie, Dix ans et dans Dix ans \u00bb<\/p>\n<p>Autant d\u2019\u00e9l\u00e9ments qui entendent ouvrir un d\u00e9bat souhait\u00e9 libre et enrichissant.<br \/>Cette initiative de <span class=\"c2\"><strong>Leaders<\/strong><\/span> n\u2019aurait pu s\u2019accomplir sans l\u2019adh\u00e9sion des personnalit\u00e9s sollicit\u00e9es, l\u2019engagement des \u00e9quipes r\u00e9dactionnelles, audiovisuelles et graphiques et le soutien de la Fondation Konrad Adenauer.<br \/>\u00a0<\/p>\n<p>Auteur:<br \/>\n<a href=\"https:\/\/www.leaders.com.tn\/article\/31190-tunisie-2011-2021-ce-qu-il-faut-retenir-et-ce-qu-il-faut-batir-une-serie-d-interviews-video-et-un-ouvrage-collectif\">Cliquez ici pour lire l&rsquo;article depuis sa source.<\/a><\/p>\n","protected":false},"excerpt":{"rendered":"<p>Que faut-il retenir le plus des dix derni\u00e8res ann\u00e9es ? Qu\u2019avions-nous jusque-l\u00e0 instaur\u00e9 comme d\u00e9mocratie effective et que devrions-nous rattraper au plus viteau cours dix prochaines ann\u00e9es ? Un ne s\u00e9rie d\u2019interviews vid\u00e9o et un ouvrage collectif, r\u00e9alis\u00e9s par Leaders, livrent des messages forts qui nous interpellent. Dix ans apr\u00e8s le 14 janvier 2011, des [&hellip;]<\/p>\n","protected":false},"author":1772,"featured_media":0,"comment_status":"closed","ping_status":"closed","sticky":false,"template":"","format":"standard","meta":{"fifu_image_url":"","fifu_image_alt":"","footnotes":""},"categories":[73,55],"tags":[],"class_list":["post-108675","post","type-post","status-publish","format-standard","hentry","category-actualite","category-tunisie"],"_links":{"self":[{"href":"https:\/\/linitiative.ca\/International\/wp-json\/wp\/v2\/posts\/108675","targetHints":{"allow":["GET"]}}],"collection":[{"href":"https:\/\/linitiative.ca\/International\/wp-json\/wp\/v2\/posts"}],"about":[{"href":"https:\/\/linitiative.ca\/International\/wp-json\/wp\/v2\/types\/post"}],"author":[{"embeddable":true,"href":"https:\/\/linitiative.ca\/International\/wp-json\/wp\/v2\/users\/1772"}],"replies":[{"embeddable":true,"href":"https:\/\/linitiative.ca\/International\/wp-json\/wp\/v2\/comments?post=108675"}],"version-history":[{"count":0,"href":"https:\/\/linitiative.ca\/International\/wp-json\/wp\/v2\/posts\/108675\/revisions"}],"wp:attachment":[{"href":"https:\/\/linitiative.ca\/International\/wp-json\/wp\/v2\/media?parent=108675"}],"wp:term":[{"taxonomy":"category","embeddable":true,"href":"https:\/\/linitiative.ca\/International\/wp-json\/wp\/v2\/categories?post=108675"},{"taxonomy":"post_tag","embeddable":true,"href":"https:\/\/linitiative.ca\/International\/wp-json\/wp\/v2\/tags?post=108675"}],"curies":[{"name":"wp","href":"https:\/\/api.w.org\/{rel}","templated":true}]}}