{"id":108684,"date":"2021-01-04T11:26:13","date_gmt":"2021-01-04T16:26:13","guid":{"rendered":"https:\/\/linitiative.ca\/International\/brexit-tout-ce-quil-faut-savoir-sur-laccord-dassociation-entre-le-maroc-et-le-royaume-uni\/"},"modified":"2021-01-04T11:26:13","modified_gmt":"2021-01-04T16:26:13","slug":"brexit-tout-ce-quil-faut-savoir-sur-laccord-dassociation-entre-le-maroc-et-le-royaume-uni","status":"publish","type":"post","link":"https:\/\/linitiative.ca\/International\/brexit-tout-ce-quil-faut-savoir-sur-laccord-dassociation-entre-le-maroc-et-le-royaume-uni\/","title":{"rendered":"Brexit : tout ce qu\u2019il faut savoir sur l\u2019accord d\u2019association entre le Maroc et le Royaume-Uni"},"content":{"rendered":"<p><strong>L\u2019accord d\u2019association entre le Maroc et le Royaume-Uni de Grande-Bretagne et d\u2019Irlande du Nord est entr\u00e9 en vigueur le 1<sup>er<\/sup> janvier 2021, apr\u00e8s la sortie officielle du Royaume-Uni de l\u2019Union europ\u00e9enne, quelques jours auparavant. Voici les d\u00e9tails n\u00e9cessaires \u00e0 retenir.<\/strong><\/p>\n<div class=\"c10\"\/>\n<p>L\u2019Administration des douanes et Imp\u00f4ts indirects a rendu publique une circulaire, le 31 d\u00e9cembre 2020, d\u00e9taillant les nouvelles bases des \u00e9changes commerciaux entre les deux parties dans le cadre de l\u2019accord d\u2019association entre le Maroc et le Royaume-Uni de Grande Bretagne et d\u2019Irlande du Nord. On apprend ainsi que les deux parties ont proc\u00e9d\u00e9 le 24 d\u00e9cembre 2020 \u00e0 un \u00e9change de notes verbales pr\u00e9voyant l\u2019application provisoire, \u00e0 compter du 1<sup>er<\/sup> janvier 2021, de l\u2019Accord \u00e9tablissant une Association entre le Maroc et le Royaume-Uni de Grande Bretagne et d\u2019Irlande du Nord, sign\u00e9 \u00e0 Londres le 26 octobre 2019.<\/p>\n<p><strong>Lire aussi| <a href=\"https:\/\/www.challenge.ma\/ocp-associe-dans-une-joint-venture-a-wuhan-170984\/\">OCP associ\u00e9 dans une joint-venture \u00e0 Wuhan<\/a><\/strong><\/p>\n<p>Dans le d\u00e9tail, en vertu de cet accord, les deux parties conviennent de pr\u00e9server notamment les conditions pr\u00e9f\u00e9rentielles relatives aux \u00e9changes commerciaux bilat\u00e9raux r\u00e9sultant de l\u2019Accord d\u2019Association UE-Maroc, sign\u00e9 \u00e0 Bruxelles le 26 f\u00e9vrier 1996, et de fournir une plate-forme pour la poursuite de la lib\u00e9ralisation de ces \u00e9changes. La circulaire de la Douane indique aussi que l\u2019accord incorpore, mutatis mutandis, et sauf mention contraire, les dispositions de l\u2019Accord d\u2019Association UE-Maroc, en vigueur imm\u00e9diatement avant que celui-ci ne cesse de s\u2019appliquer au Royaume-Uni. \u00a0Voici les d\u00e9tails n\u00e9cessaires \u00e0 retenir\u00a0(ci-joint)\u00a0: \u00a0<\/p>\n<p>Auteur: challenge<br \/>\n<a href=\"https:\/\/www.challenge.ma\/brexit-tout-ce-quil-faut-savoir-sur-laccord-dassociation-entre-le-maroc-et-le-royaume-uni-171012\/\">Cliquez ici pour lire l&rsquo;article depuis sa source.<\/a><\/p>\n","protected":false},"excerpt":{"rendered":"<p>L\u2019accord d\u2019association entre le Maroc et le Royaume-Uni de Grande-Bretagne et d\u2019Irlande du Nord est entr\u00e9 en vigueur le 1er janvier 2021, apr\u00e8s la sortie officielle du Royaume-Uni de l\u2019Union europ\u00e9enne, quelques jours auparavant. Voici les d\u00e9tails n\u00e9cessaires \u00e0 retenir. L\u2019Administration des douanes et Imp\u00f4ts indirects a rendu publique une circulaire, le 31 d\u00e9cembre 2020, [&hellip;]<\/p>\n","protected":false},"author":1787,"featured_media":0,"comment_status":"closed","ping_status":"closed","sticky":false,"template":"","format":"standard","meta":{"fifu_image_url":"","fifu_image_alt":"","footnotes":""},"categories":[78,54],"tags":[],"class_list":["post-108684","post","type-post","status-publish","format-standard","hentry","category-economie","category-maroc"],"_links":{"self":[{"href":"https:\/\/linitiative.ca\/International\/wp-json\/wp\/v2\/posts\/108684","targetHints":{"allow":["GET"]}}],"collection":[{"href":"https:\/\/linitiative.ca\/International\/wp-json\/wp\/v2\/posts"}],"about":[{"href":"https:\/\/linitiative.ca\/International\/wp-json\/wp\/v2\/types\/post"}],"author":[{"embeddable":true,"href":"https:\/\/linitiative.ca\/International\/wp-json\/wp\/v2\/users\/1787"}],"replies":[{"embeddable":true,"href":"https:\/\/linitiative.ca\/International\/wp-json\/wp\/v2\/comments?post=108684"}],"version-history":[{"count":0,"href":"https:\/\/linitiative.ca\/International\/wp-json\/wp\/v2\/posts\/108684\/revisions"}],"wp:attachment":[{"href":"https:\/\/linitiative.ca\/International\/wp-json\/wp\/v2\/media?parent=108684"}],"wp:term":[{"taxonomy":"category","embeddable":true,"href":"https:\/\/linitiative.ca\/International\/wp-json\/wp\/v2\/categories?post=108684"},{"taxonomy":"post_tag","embeddable":true,"href":"https:\/\/linitiative.ca\/International\/wp-json\/wp\/v2\/tags?post=108684"}],"curies":[{"name":"wp","href":"https:\/\/api.w.org\/{rel}","templated":true}]}}