{"id":108685,"date":"2021-01-04T11:52:42","date_gmt":"2021-01-04T16:52:42","guid":{"rendered":"https:\/\/linitiative.ca\/International\/fusion-fca-psa-un-colosse-de-lindustrie-automobile-est-ne\/"},"modified":"2021-01-04T11:52:42","modified_gmt":"2021-01-04T16:52:42","slug":"fusion-fca-psa-un-colosse-de-lindustrie-automobile-est-ne","status":"publish","type":"post","link":"https:\/\/linitiative.ca\/International\/fusion-fca-psa-un-colosse-de-lindustrie-automobile-est-ne\/","title":{"rendered":"Fusion FCA\/PSA : un colosse de l\u2019industrie automobile est n\u00e9"},"content":{"rendered":"<p><strong>La fusion entre FCA et PSA est d\u00e9sormais effective. Elle a d\u2019ailleurs \u00e9t\u00e9 valid\u00e9e ce lundi 4 janvier 2021 par les actionnaires des deux groupes lors d\u2019une assembl\u00e9e g\u00e9n\u00e9rale extraordinaire qui s\u2019est d\u00e9roul\u00e9e en ligne.<\/strong><\/p>\n<div class=\"c10\"\/>\n<p>Les actionnaires des deux groupes ont effet valid\u00e9 \u00e0 l\u2019unanimit\u00e9 plusieurs r\u00e9solutions concernant cette fusion, devant permettre \u00e0 Stellantis d\u2019effectuer ses premiers pas dans le monde automobile. Un groupe qui devrait \u00eatre le 4<sup>\u00e8me<\/sup> constructeur mondial avec plus de 9 millions de v\u00e9hicules produits par an. En revanche, en termes de chiffre d\u2019affaires, le groupe franco-italien pourrait se positionner sur la 3<sup>\u00e8me<\/sup> marche du podium derri\u00e8re le Japonais Toyota et l\u2019Allemand Volkswagen.<\/p>\n<p><strong>Lire aussi | <a href=\"https:\/\/www.challenge.ma\/marches-africains-ce-quil-faut-retenir-du-4eme-barometre-de-bearingpoint-sur-levolution-des-entreprises-marocaines-170969\/\">March\u00e9s africains : ce qu\u2019il faut retenir du 4\u00e8me barom\u00e8tre de BearingPoint sur l\u2019\u00e9volution des entreprises marocaines<\/a><\/strong><\/p>\n<p>Faut-il souligner que Stellantis disposera \u00e0 son actif de plus de 14 marques de v\u00e9hicules dont Peugeot, Citro\u00ebn, DS Automobiles, Opel, Fiat, Jeep Chrysler, Alfa Rom\u00e9o ou encore Maserati\u2026 Des marques automobiles qui devraient \u00e9galement r\u00e9duire leurs co\u00fbts de d\u00e9veloppement et de construction (jusqu\u2019\u00e0 5 milliards d\u2019\u00e9conomies par an) et ainsi compl\u00e9ter leurs offres dans toutes les gammes.<\/p>\n<p><strong>Lire aussi |<a href=\"https:\/\/www.challenge.ma\/ocp-associe-dans-une-joint-venture-a-wuhan-170984\/\">OCP associ\u00e9 dans une joint-venture \u00e0 Wuhan<\/a><\/strong><\/p>\n<p>Rappelons que le projet de fusion entre FCA et PSA avait re\u00e7u le 21 d\u00e9cembre dernier le feu vert de la Commission europ\u00e9enne sous certaines conditions, en vertu du r\u00e8glement de l\u2019Union europ\u00e9enne sur les concentrations.<\/p>\n<p>Auteur: David J\u00e9r\u00e9mie<br \/>\n<a href=\"https:\/\/www.challenge.ma\/fusion-fca-psa-un-colosse-de-lindustrie-automobile-est-ne-171019\/\">Cliquez ici pour lire l&rsquo;article depuis sa source.<\/a><\/p>\n","protected":false},"excerpt":{"rendered":"<p>La fusion entre FCA et PSA est d\u00e9sormais effective. Elle a d\u2019ailleurs \u00e9t\u00e9 valid\u00e9e ce lundi 4 janvier 2021 par les actionnaires des deux groupes lors d\u2019une assembl\u00e9e g\u00e9n\u00e9rale extraordinaire qui s\u2019est d\u00e9roul\u00e9e en ligne. Les actionnaires des deux groupes ont effet valid\u00e9 \u00e0 l\u2019unanimit\u00e9 plusieurs r\u00e9solutions concernant cette fusion, devant permettre \u00e0 Stellantis d\u2019effectuer [&hellip;]<\/p>\n","protected":false},"author":1787,"featured_media":0,"comment_status":"closed","ping_status":"closed","sticky":false,"template":"","format":"standard","meta":{"fifu_image_url":"","fifu_image_alt":"","footnotes":""},"categories":[78,54],"tags":[],"class_list":["post-108685","post","type-post","status-publish","format-standard","hentry","category-economie","category-maroc"],"_links":{"self":[{"href":"https:\/\/linitiative.ca\/International\/wp-json\/wp\/v2\/posts\/108685","targetHints":{"allow":["GET"]}}],"collection":[{"href":"https:\/\/linitiative.ca\/International\/wp-json\/wp\/v2\/posts"}],"about":[{"href":"https:\/\/linitiative.ca\/International\/wp-json\/wp\/v2\/types\/post"}],"author":[{"embeddable":true,"href":"https:\/\/linitiative.ca\/International\/wp-json\/wp\/v2\/users\/1787"}],"replies":[{"embeddable":true,"href":"https:\/\/linitiative.ca\/International\/wp-json\/wp\/v2\/comments?post=108685"}],"version-history":[{"count":0,"href":"https:\/\/linitiative.ca\/International\/wp-json\/wp\/v2\/posts\/108685\/revisions"}],"wp:attachment":[{"href":"https:\/\/linitiative.ca\/International\/wp-json\/wp\/v2\/media?parent=108685"}],"wp:term":[{"taxonomy":"category","embeddable":true,"href":"https:\/\/linitiative.ca\/International\/wp-json\/wp\/v2\/categories?post=108685"},{"taxonomy":"post_tag","embeddable":true,"href":"https:\/\/linitiative.ca\/International\/wp-json\/wp\/v2\/tags?post=108685"}],"curies":[{"name":"wp","href":"https:\/\/api.w.org\/{rel}","templated":true}]}}