{"id":108691,"date":"2021-01-04T16:37:48","date_gmt":"2021-01-04T21:37:48","guid":{"rendered":"https:\/\/linitiative.ca\/International\/tunisie-sfax-le-syndicat-de-lenseignement-appelle-au-confinement-general-de-la-region\/"},"modified":"2021-01-04T16:37:48","modified_gmt":"2021-01-04T21:37:48","slug":"tunisie-sfax-le-syndicat-de-lenseignement-appelle-au-confinement-general-de-la-region","status":"publish","type":"post","link":"https:\/\/linitiative.ca\/International\/tunisie-sfax-le-syndicat-de-lenseignement-appelle-au-confinement-general-de-la-region\/","title":{"rendered":"Tunisie \u2013 Sfax\u00a0: Le syndicat de l\u2019enseignement appelle au confinement g\u00e9n\u00e9ral de la r\u00e9gion"},"content":{"rendered":"<div class=\"post-cont-in left relative\">\n<div id=\"post-info-wrap\" class=\"left relative post-info-out\">\n<div class=\"post-info-img left relative\"><img loading=\"lazy\" decoding=\"async\" alt=\"\" src=\"https:\/\/secure.gravatar.com\/avatar\/047123be9d5e8513774383916ee72db2?s=50&amp;d=mm&amp;r=g\" srcset=\"https:\/\/secure.gravatar.com\/avatar\/047123be9d5e8513774383916ee72db2?s=100&amp;d=mm&amp;r=g 2x\" class=\"avatar avatar-50 photo\" height=\"50\" width=\"50\"\/><\/div>\n<div class=\"post-info-in\">\n<div class=\"post-info-right left relative post-info-name left relative\"><span><span class=\"post-info-text\">Par<\/span> <span class=\"author-name vcard fn author\"><a href=\"https:\/\/www.tunisienumerique.com\/author\/lm\/\" title=\"Articles par LM\" rel=\"author\">LM<\/a><\/span><\/span> <span class=\"post-date updated\"><time class=\"post-date updated\" datetime=\"2021-01-04\">\u00a0| Il y a 11 secondes<\/time><\/span><\/div>\n<div class=\"left relative\"><button id=\"listenButton1\" class=\"responsivevoice-button\" type=\"button\" value=\"Play\" title=\"&#xC9;coutez l'article\"><span>\ud83d\udd0a \u00c9coutez l&rsquo;article<\/span><\/button> <\/div>\n<\/div>\n<\/div>\n<p>Le secr\u00e9taire g\u00e9n\u00e9ral du syndicat de l\u2019enseignement \u00e0 Sfax, Nabil Hamrouni, a accus\u00e9, ce lundi, l\u2019Etat d\u2019avoir caus\u00e9 la situation \u00e9pid\u00e9miologique critique en rapport avec le covid, \u00e0 Sfax. Et ce, en n\u2019ayant pas pris les pr\u00e9cautions qu\u2019il fallait, quand les gens se tassaient dans des files d\u2019attentes, pour se procurer des bonbonnes de gaz, quand celles-ci \u00e9taient en rupture de stock, suite au sit-in sauvage de protestataire \u00e0 la zone industrielle de Skhira, et qui n\u2019a pas suscit\u00e9 de r\u00e9action de la part de l\u2019Etat.<\/p>\n<div class=\"code-block code-block-1 c4\"><ins class=\"adsbygoogle c3\" data-ad-layout=\"in-article\" data-ad-format=\"fluid\" data-ad-client=\"ca-pub-2102118777505746\" data-ad-slot=\"7301775417\"\/> <\/div>\n<p>Hamrouni a qualifi\u00e9 les d\u00e9cisions prises par la cellule r\u00e9gionale de gestion de la crise, de d\u00e9risoires et t\u00e9moignant de l\u2019insouciance des autorit\u00e9s de la vie des citoyens.<\/p>\n<p>Il a appel\u00e9 les autorit\u00e9s \u00e0 reporter la rentre des classes et \u2018instaurer le confinement g\u00e9n\u00e9ral de la r\u00e9gion pendant, eu moins, quinze jours, pour esp\u00e9rer casser les cercles de contamination.<\/p>\n<div class=\"swp_social_panel swp_horizontal_panel swp_flat_fresh swp_default_full_color swp_individual_full_color swp_other_full_color scale-100 scale-\" data-min-width=\"1100\" data-float-color=\"#ffffff\" data-float=\"bottom\" data-float-mobile=\"bottom\" data-transition=\"slide\">\n<div class=\"nc_tweetContainer swp_share_button total_shares total_sharesalt\"><span class=\"swp_count\">0 <span class=\"swp_label\">Partages<\/span><\/span><\/div>\n<\/div>\n<p><strong>Que se passe-t-il en Tunisie?<\/strong><br \/>Nous expliquons sur notre <a href=\"https:\/\/www.youtube.com\/channel\/UCRzypVq0B_yBad5eGrwBx0Q?sub_confirmation=1\" target=\"_blank\" rel=\"noopener\">cha\u00eene YouTube<\/a> . <a href=\"https:\/\/www.youtube.com\/channel\/UCRzypVq0B_yBad5eGrwBx0Q?sub_confirmation=1\" target=\"_blank\" rel=\"noopener\">Abonnez-vous!<\/a><\/p>\n<div class=\"mvp-org-wrap mvp-org-logo\" itemprop=\"publisher\"><img decoding=\"async\" src=\"https:\/\/www.tunisienumerique.com\/wp-content\/uploads\/2017\/02\/logo_tunisie_numerique.png\"\/><\/div>\n<div class=\"mvp-related-posts left relative\">\n<h4 class=\"post-header\"><span class=\"post-header\">Lire aussi<\/span><\/h4>\n<\/div>\n<div id=\"article-ad\"><ins class=\"adsbygoogle c5\" data-ad-client=\"ca-pub-2102118777505746\" data-ad-slot=\"6513972734\" data-ad-format=\"auto\" data-full-width-responsive=\"true\"\/> <\/div>\n<\/div>\n<div id=\"post-sidebar-wrap\"><ins class=\"adsbygoogle c5\" data-ad-client=\"ca-pub-2102118777505746\" data-ad-slot=\"6168283410\" data-ad-format=\"auto\" data-full-width-responsive=\"true\"\/> <\/div>\n<p>Auteur: LM<br \/>\n<a href=\"https:\/\/www.tunisienumerique.com\/tunisie-sfax-le-syndicat-de-lenseignement-appelle-au-confinement-general-de-la-region\/\">Cliquez ici pour lire l&rsquo;article depuis sa source.<\/a><\/p>\n","protected":false},"excerpt":{"rendered":"<p>Par LM \u00a0| Il y a 11 secondes \ud83d\udd0a \u00c9coutez l&rsquo;article Le secr\u00e9taire g\u00e9n\u00e9ral du syndicat de l\u2019enseignement \u00e0 Sfax, Nabil Hamrouni, a accus\u00e9, ce lundi, l\u2019Etat d\u2019avoir caus\u00e9 la situation \u00e9pid\u00e9miologique critique en rapport avec le covid, \u00e0 Sfax. Et ce, en n\u2019ayant pas pris les pr\u00e9cautions qu\u2019il fallait, quand les gens se tassaient [&hellip;]<\/p>\n","protected":false},"author":1789,"featured_media":0,"comment_status":"closed","ping_status":"closed","sticky":false,"template":"","format":"standard","meta":{"fifu_image_url":"https:\/\/secure.gravatar.com\/avatar\/047123be9d5e8513774383916ee72db2?s=50&d=mm&r=g","fifu_image_alt":"Tunisie \u2013 Sfax\u00a0: Le syndicat de l\u2019enseignement appelle au confinement g\u00e9n\u00e9ral de la r\u00e9gion","footnotes":""},"categories":[73,55],"tags":[],"class_list":["post-108691","post","type-post","status-publish","format-standard","hentry","category-actualite","category-tunisie"],"_links":{"self":[{"href":"https:\/\/linitiative.ca\/International\/wp-json\/wp\/v2\/posts\/108691","targetHints":{"allow":["GET"]}}],"collection":[{"href":"https:\/\/linitiative.ca\/International\/wp-json\/wp\/v2\/posts"}],"about":[{"href":"https:\/\/linitiative.ca\/International\/wp-json\/wp\/v2\/types\/post"}],"author":[{"embeddable":true,"href":"https:\/\/linitiative.ca\/International\/wp-json\/wp\/v2\/users\/1789"}],"replies":[{"embeddable":true,"href":"https:\/\/linitiative.ca\/International\/wp-json\/wp\/v2\/comments?post=108691"}],"version-history":[{"count":0,"href":"https:\/\/linitiative.ca\/International\/wp-json\/wp\/v2\/posts\/108691\/revisions"}],"wp:attachment":[{"href":"https:\/\/linitiative.ca\/International\/wp-json\/wp\/v2\/media?parent=108691"}],"wp:term":[{"taxonomy":"category","embeddable":true,"href":"https:\/\/linitiative.ca\/International\/wp-json\/wp\/v2\/categories?post=108691"},{"taxonomy":"post_tag","embeddable":true,"href":"https:\/\/linitiative.ca\/International\/wp-json\/wp\/v2\/tags?post=108691"}],"curies":[{"name":"wp","href":"https:\/\/api.w.org\/{rel}","templated":true}]}}