{"id":108693,"date":"2021-01-04T14:42:38","date_gmt":"2021-01-04T19:42:38","guid":{"rendered":"https:\/\/linitiative.ca\/International\/presidentielle-centrafricaine\/"},"modified":"2021-01-04T14:42:38","modified_gmt":"2021-01-04T19:42:38","slug":"presidentielle-centrafricaine","status":"publish","type":"post","link":"https:\/\/linitiative.ca\/International\/presidentielle-centrafricaine\/","title":{"rendered":"PRESIDENTIELLE CENTRAFRICAINE"},"content":{"rendered":"<p class=\"c4\"><em>Une dizaine de jours apr\u00e8s la pr\u00e9sidentielle du 27 d\u00e9cembre 2020, la Centrafrique vit dans l\u2019attente des r\u00e9sultats sur fond de tensions. En effet, apr\u00e8s avoir \u00e9chou\u00e9 \u00e0 emp\u00eacher la tenue du scrutin dont elle demandait le report, la coalition de groupes arm\u00e9s r\u00e9unis au sein de la CPC (coalition des patriotes pour le changement), qui occupait d\u00e9j\u00e0 une bonne partie du territoire avant l\u2019\u00e9lection, a continu\u00e9 sa progression vers Bangui, pour se retrouver, \u00e0 en croire plusieurs sources, \u00e0 quelques dizaines de kilom\u00e8tres de la capitale. Autant dire que la crainte d\u2019une d\u00e9gradation encore plus accrue de la situation suite \u00e0 la proclamation des r\u00e9sultats dans un climat sociopolitique d\u00e9j\u00e0 d\u00e9l\u00e9t\u00e8re, est largement justifi\u00e9e, au regard de la contestation arm\u00e9e qui a d\u00e9j\u00e0 cours. Surtout si le pr\u00e9sident Faustin Archange Touadera qui semble bien parti pour se succ\u00e9der \u00e0 lui-m\u00eame, devrait rempiler haut la main. C\u2019est dire si le tout n\u2019est pas de remporter l\u2019\u00e9lection. Encore faudrait-il pouvoir gouverner. Dans les conditions actuelles de la RCA o\u00f9 plusieurs parties du territoire sont sous le contr\u00f4le de groupes arm\u00e9s, cela reste un d\u00e9fi qui n\u2019est pas gagn\u00e9 d\u2019avance. D\u2019autant que le vote, lui-m\u00eame, n\u2019a pas pu se tenir sur l\u2019ensemble du territoire.<\/em><\/p>\n<p class=\"c6\"><strong><em>Comment le pr\u00e9sident \u00e9lu pourra-t-il gouverner tranquillement\u00a0?<\/em><\/strong><\/p>\n<p class=\"c4\"><em>Une situation fort regrettable. Mais dont il est difficile de faire le proc\u00e8s au r\u00e9gime en place car, tout porte \u00e0 croire qu\u2019il y a des gens, et pas des moindres, qui n\u2019avaient pas int\u00e9r\u00eat \u00e0 ce que ces \u00e9lections se tiennent et qui continuent de s\u2019accrocher aux mauvaises conditions de d\u00e9roulement du scrutin pour en demander la reprise. Sont de ceux-l\u00e0, les candidats de l\u2019opposition r\u00e9unis au sein de la Coalition de l\u2019opposition d\u00e9mocratique (COD-2020), qui demandent l\u2019annulation de la pr\u00e9sidentielle pour cause d\u2019ins\u00e9curit\u00e9 et de fraudes, mais aussi l\u2019ex-pr\u00e9sident et candidat Fran\u00e7ois Boziz\u00e9 qui a \u00e9t\u00e9 disqualifi\u00e9 par la Cour constitutionnelle et qui a finalement tomb\u00e9 le masque en \u00e9pousant la cause des rebelles et en s\u2019affichant avec les groupes arm\u00e9s. Dans ces conditions, comment le pr\u00e9sident \u00e9lu pourra-t-il gouverner tranquillement face \u00e0 la d\u00e9termination de Boziz\u00e9 et ses comparses qui semblent d\u00e9cid\u00e9s \u00e0 conqu\u00e9rir par les armes, ce qu\u2019ils n\u2019ont pu obtenir par les urnes\u00a0? En tous les cas, tant que la d\u00e9volution du pouvoir ne se fera pas par les urnes, la Centrafrique ne conna\u00eetra jamais la paix. C\u2019est pourquoi l\u2019on est port\u00e9 \u00e0 se demander si l\u2019ancien putschiste de chef d\u2019Etat qui a \u00e9t\u00e9 chass\u00e9 du pouvoir par les armes, a tir\u00e9 le\u00e7on du pass\u00e9. Est-il avide de pouvoir au point de vouloir pousser \u00e0 nouveau son pays dans le cercle vicieux des coups d\u2019Etat \u00e0 r\u00e9p\u00e9tition\u00a0? Cela dit, on pensait que la Transition centrafricaine avait tout r\u00e9gl\u00e9 et qu\u2019avec le retour \u00e0 l\u2019ordre constitutionnel normal avec l\u2019\u00e9lection du pr\u00e9sident Touad\u00e9ra en 2014, le pays \u00e9tait d\u00e9finitivement tir\u00e9 d\u2019affaire. Mais \u00e0 la lumi\u00e8re de cette pr\u00e9sidentielle qui semble sonner le retour des vieux d\u00e9mons de la guerre, tout porte \u00e0 croire que la RCA n\u2019a pas su conjurer le mauvais sort si fait que sept ans apr\u00e8s la tenue des \u00e9lections post-crise, le pays continue de danser sur un volcan.<\/em><\/p>\n<p class=\"c6\"><strong><em>On ne serait pas \u00e9tonn\u00e9 de voir une profonde crise post-\u00e9lectorale se greffer \u00e0 l\u2019incendie des violences s\u00e9curitaires<\/em><\/strong><\/p>\n<p class=\"c4\"><em>Ce, au moment o\u00f9 la parenth\u00e8se douloureuse des affrontements inter- communautaires et religieux entre Seleka et anti-Balaka, peine encore \u00e0 se refermer. Dans ces conditions, comment ne pas se poser encore des questions sur l\u2019avenir de ce pays que la communaut\u00e9 internationale aura soutenu \u00e0 bout de bras afin de l\u2019aider \u00e0 sortir de la grave crise sociopolitique qu\u2019il a travers\u00e9e, il y a de cela seulement quelques ann\u00e9es et dont les morsures de l\u2019histoire sont encore fraiches dans les m\u00e9moires ? C\u2019est le lieu d\u2019appeler cette m\u00eame communaut\u00e9 internationale \u00e0 ne pas abandonner la RCA \u00e0 elle-m\u00eame, mais plut\u00f4t \u00e0 redoubler d\u2019efforts pour \u00e9viter au pays de sombrer \u00e0 nouveau dans le chaos. Pour cela, il faudra travailler notamment \u00e0 r\u00e9duire la capacit\u00e9 de nuisance de Fran\u00e7ois Boziz\u00e9 qui se pr\u00e9sente aujourd\u2019hui comme le premier ennemi de la paix en RCA.\u00a0<\/em> <em>En tout \u00e9tat de cause, l\u2019on ne serait pas \u00e9tonn\u00e9 de voir une profonde crise post-\u00e9lectorale se greffer \u00e0 l\u2019incendie des violences s\u00e9curitaires qui ont \u00e9maill\u00e9 le scrutin et qui n\u2019est pas pr\u00e8s de s\u2019\u00e9teindre de si t\u00f4t. A moins que le pr\u00e9sident Touad\u00e9ra n\u2019attende finalement la l\u00e9gitimit\u00e9 des urnes pour mieux bander les muscles. Mais avec quels moyens ?<\/em><\/p>\n<p class=\"c6\"><strong><em>\u00ab\u00a0\u00a0Le Pays\u00a0\u00bb<\/em><\/strong><\/p>\n<p>Auteur: Le Pays<br \/>\n<a href=\"https:\/\/lepays.bf\/presidentielle-centrafricaine\/\">Cliquez ici pour lire l&rsquo;article depuis sa source.<\/a><\/p>\n","protected":false},"excerpt":{"rendered":"<p>Une dizaine de jours apr\u00e8s la pr\u00e9sidentielle du 27 d\u00e9cembre 2020, la Centrafrique vit dans l\u2019attente des r\u00e9sultats sur fond de tensions. En effet, apr\u00e8s avoir \u00e9chou\u00e9 \u00e0 emp\u00eacher la tenue du scrutin dont elle demandait le report, la coalition de groupes arm\u00e9s r\u00e9unis au sein de la CPC (coalition des patriotes pour le changement), [&hellip;]<\/p>\n","protected":false},"author":1813,"featured_media":0,"comment_status":"closed","ping_status":"closed","sticky":false,"template":"","format":"standard","meta":{"fifu_image_url":"","fifu_image_alt":"","footnotes":""},"categories":[73,81],"tags":[],"class_list":["post-108693","post","type-post","status-publish","format-standard","hentry","category-actualite","category-burkina-faso"],"_links":{"self":[{"href":"https:\/\/linitiative.ca\/International\/wp-json\/wp\/v2\/posts\/108693","targetHints":{"allow":["GET"]}}],"collection":[{"href":"https:\/\/linitiative.ca\/International\/wp-json\/wp\/v2\/posts"}],"about":[{"href":"https:\/\/linitiative.ca\/International\/wp-json\/wp\/v2\/types\/post"}],"author":[{"embeddable":true,"href":"https:\/\/linitiative.ca\/International\/wp-json\/wp\/v2\/users\/1813"}],"replies":[{"embeddable":true,"href":"https:\/\/linitiative.ca\/International\/wp-json\/wp\/v2\/comments?post=108693"}],"version-history":[{"count":0,"href":"https:\/\/linitiative.ca\/International\/wp-json\/wp\/v2\/posts\/108693\/revisions"}],"wp:attachment":[{"href":"https:\/\/linitiative.ca\/International\/wp-json\/wp\/v2\/media?parent=108693"}],"wp:term":[{"taxonomy":"category","embeddable":true,"href":"https:\/\/linitiative.ca\/International\/wp-json\/wp\/v2\/categories?post=108693"},{"taxonomy":"post_tag","embeddable":true,"href":"https:\/\/linitiative.ca\/International\/wp-json\/wp\/v2\/tags?post=108693"}],"curies":[{"name":"wp","href":"https:\/\/api.w.org\/{rel}","templated":true}]}}