{"id":108695,"date":"2021-01-04T17:07:17","date_gmt":"2021-01-04T22:07:17","guid":{"rendered":"https:\/\/linitiative.ca\/International\/qui-a-la-primature\/"},"modified":"2021-01-04T17:07:17","modified_gmt":"2021-01-04T22:07:17","slug":"qui-a-la-primature","status":"publish","type":"post","link":"https:\/\/linitiative.ca\/International\/qui-a-la-primature\/","title":{"rendered":"Qui \u00e0 la Primature ?"},"content":{"rendered":"<div class=\"td-post-featured-image\"><a href=\"https:\/\/www.sidwaya.info\/wp-content\/uploads\/2020\/08\/edito.jpg\" data-caption=\"\"><img loading=\"lazy\" decoding=\"async\" width=\"546\" height=\"468\" class=\"entry-thumb td-modal-image\" src=\"https:\/\/www.sidwaya.info\/wp-content\/uploads\/2020\/08\/edito.jpg\" srcset=\"https:\/\/www.sidwaya.info\/wp-content\/uploads\/2020\/08\/edito.jpg 546w, https:\/\/www.sidwaya.info\/wp-content\/uploads\/2020\/08\/edito-300x257.jpg 300w, https:\/\/www.sidwaya.info\/wp-content\/uploads\/2020\/08\/edito-490x420.jpg 490w\" sizes=\"auto, (max-width: 546px) 100vw, 546px\" alt=\"\" title=\"edito\"\/><\/a><\/div>\n<p>Espoir, r\u00e9alisme, engagement, mobilisation et responsabilit\u00e9 face aux pr\u00e9occupations de l\u2019heure (crises sanitaire et humanitaire, ins\u00e9curit\u00e9, fronde sociale). C\u2019est la quintessence du traditionnel message du nouvel an du pr\u00e9sident du Faso \u00e0 ses compatriotes, le 31 d\u00e9cembre 2020. A l\u2019entame de 2021, la premi\u00e8re adresse de l\u2019an I du deuxi\u00e8me mandat de Roch Marc Christian Kabor\u00e9 a \u00e9t\u00e9 un message d\u2019espoir d\u2019un lendemain meilleur \u00e0 l\u2019endroit du million de d\u00e9plac\u00e9s internes, des victimes, parents et orphelins de victimes civiles et militaires des groupes arm\u00e9s terroristes et \u00e0 qui la nation doit \u00ab une reconnaissance infinie \u00bb. D\u00e9peignant un tableau r\u00e9aliste de la situation socio-s\u00e9curitaire et \u00e9conomique nationale, le Pr\u00e9sident du Faso a reconnu que \u00ab beaucoup reste \u00e0 faire \u00bb nonobstant des acquis sans pr\u00e9c\u00e9dent engrang\u00e9s dans les domaines de l\u2019\u00e9ducation, de la sant\u00e9, de l\u2019emploi des jeunes et des femmes, des infrastructures et de l\u2019\u00e9nergie notamment.<\/p>\n<p>Mais pour les cinq prochaines ann\u00e9es \u00ab des r\u00e9sultats plus spectaculaires \u00bb sont attendus et le chef de l\u2019Etat d\u2019en appeler \u00e0 l\u2019engagement, \u00e0 la mobilisation et \u00e0 la responsabilit\u00e9 de l\u2019ensemble de ses concitoyens pour \u00ab trouver des r\u00e9ponses et solutions appropri\u00e9es pour l\u2019am\u00e9lioration des conditions de vie des Burkinab\u00e8 \u00bb. Engagement pour lequel, a-t-il assur\u00e9, \u00abla feuille de route du gouvernement est pr\u00eate \u00bb ; en attendant le gouvernement dont l\u2019annonce et les noms des probables membres font l\u2019objet de moul sp\u00e9culations jusqu\u2019au moment o\u00f9 nous couchions ces lignes. En effet, si depuis son discours d\u2019investiture et son message \u00e0 la Nation, le pr\u00e9sident du Faso s\u2019est mur\u00e9 dans un silence de cath\u00e9drale qui interroge ses compatriotes, au point que certains d\u2019entre eux en viennent \u00e0 voir des \u00ab\u00a0ministres-d\u00e9put\u00e9s \u00a0\u00bb en d\u00e9pit de tout bon sens, (faut-il le rappeler, les uns et les autres ont quinze jours pour clarifier leur position ), l\u2019\u00e9lection pour ne pas dire le pl\u00e9biscite de Alassane Bala Sakand\u00e9 \u00e0 la pr\u00e9sidence de l\u2019Assembl\u00e9e nationale offre, cependant, une fen\u00eatre d\u2019analyse de la configuration politique \u00e0 venir.<\/p>\n<p>Et partant, de la tournure que le pr\u00e9sident Kabor\u00e9 veut donner \u00e0 son mandat pour appara\u00eetre, \u00e0 terme, comme le \u00ab\u00a0r\u00e9dempteur \u00a0\u00bb de la d\u00e9mocratie burkinab\u00e8 en ce qu\u2019il aura permis \u00e0 celle-ci de se d\u00e9barrasser de toutes les scories qu\u2019elle tra\u00eene depuis les longues p\u00e9riodes d\u2019exception que le pays a connues. Arriv\u00e9 en d\u00e9but 2019 en sauveur dans une situation sociopolitique particuli\u00e8rement agit\u00e9e, le Premier ministre Christophe Dabir\u00e9, de l\u2019avis de nombre d\u2019observateurs, a su trouver le fil d\u2019Ariane pour apaiser un climat social domin\u00e9 par \u00ab le virus de la d\u00e9fiance \u00bb et pourrait poursuivre encore sa mission au regard de son bilan. Si l\u2019unanimit\u00e9 (presque) qui a pr\u00e9valu \u00e0 l\u2019\u00e9lection du titulaire du perchoir est loin d\u2019\u00eatre un fait du hasard, elle pourrait trahir la volont\u00e9 du locataire de Kosyam de rassembler toutes les \u00ab\u00a0brebis \u00a0\u00bb dans cette qu\u00eate de restauration de l\u2019\u00e2me burkinab\u00e8. Ce qui laisse supposer que le gouvernement qu\u2019il formera dans les jours ou heures \u00e0 venir (s\u2019il ne reconduit pas l\u2019actuelle \u00e9quipe avec peut-\u00eatre quelques r\u00e9am\u00e9nagements) aura pour principale, voire unique mission de pr\u00e9parer les \u00e9tats g\u00e9n\u00e9raux de la nation.<\/p>\n<p>Ce, dans la perspective de la r\u00e9conciliation nationale qui, du reste, a \u00e9t\u00e9 le \u00ab\u00a0mantra\u00a0\u00bb de tous les pr\u00e9tendants au fauteuil pr\u00e9sidentiel. Un gouvernement de \u00ab\u00a0transition \u00a0\u00bb en somme qui devra, d\u2019une part, pr\u00e9parer une \u00e9tape qualitativement sup\u00e9rieure au cours de laquelle la contribution de tous les fils et filles du pays sera requise. Et de l\u2019autre, refonder la nation burkinab\u00e8 autour des valeurs telles que le m\u00e9rite, le travail, l\u2019\u00e9galit\u00e9 des chances et la solidarit\u00e9 agissante. Pour ce faire, ceux qui seront appel\u00e9s devraient avoir de l\u2019\u00e9thique et un sens de la responsabilit\u00e9 pouss\u00e9e dans l\u2019exercice de leurs fonctions. Bien s\u00fbr, la surprise du chef peut d\u00e9jouer les pronostics en allant directement \u00e0 un gouvernement de large ouverture. Mais cela nous para\u00eet risqu\u00e9 dans la mesure o\u00f9 il devancerait ainsi l\u2019iguane dans l\u2019eau si tant est que nul ne peut pr\u00e9sager des conclusions du forum \u00e0 venir.<\/p>\n<p>En tout \u00e9tat de cause, l\u2019\u00e9chec est interdit pour cette g\u00e9n\u00e9ration politique qui livre son dernier combat et qui doit solder ses propres comptes pour r\u00e9ussir la transition g\u00e9n\u00e9rationnelle que les Burkinab\u00e8 appellent de leurs v\u0153ux. Le pr\u00e9sident Kabor\u00e9 est donc face \u00e0 son destin et \u00e0 ses compatriotes qui le jugeront \u00e0 l\u2019aune du travail abattu (lui et lui seul). Ce qui l\u2019oblige \u00e0 agir en \u00ab\u00a0despote \u00e9clair\u00e9\u00a0\u00bb tout au long de ce quinquennat avec le d\u00e9sint\u00e9ressement du sortant. Les deux premi\u00e8res sorties attestent que le Pr\u00e9sident Kabor\u00e9 est plus que jamais d\u00e9termin\u00e9 \u00e0 r\u00e9sorber le d\u00e9ficit de confiance entre gouvernants et gouvern\u00e9s en redonnant \u00e0 la politique toutes ses lettres de noblesse. Ce sera le cr\u00e9do d\u2019un quinquennat plac\u00e9 sous le sceau du patriotisme et du travail pour l\u2019\u00e9mergence du pays.<\/p>\n<p class=\"c1\"><strong>Par Mahamadi TIEGNA<\/strong><br \/>mahamaditiegna@yahoo.fr<\/p>\n<div class=\"td-a-rec td-a-rec-id-content_bottom tdi_33_ffa td_block_template_1\"><img loading=\"lazy\" decoding=\"async\" class=\"aligncenter size-full wp-image-27454\" src=\"https:\/\/www.sidwaya.info\/wp-content\/uploads\/2020\/10\/PUB-Bandeau-paiement-mobile-siteweb.jpg\" alt=\"\" width=\"728\" height=\"90\"\/><\/div>\n<p>Auteur: JK. Sidwaya<br \/>\n<a href=\"https:\/\/www.sidwaya.info\/blog\/2021\/01\/04\/qui-a-la-primature\/\">Cliquez ici pour lire l&rsquo;article depuis sa source.<\/a><\/p>\n","protected":false},"excerpt":{"rendered":"<p>Espoir, r\u00e9alisme, engagement, mobilisation et responsabilit\u00e9 face aux pr\u00e9occupations de l\u2019heure (crises sanitaire et humanitaire, ins\u00e9curit\u00e9, fronde sociale). C\u2019est la quintessence du traditionnel message du nouvel an du pr\u00e9sident du Faso \u00e0 ses compatriotes, le 31 d\u00e9cembre 2020. A l\u2019entame de 2021, la premi\u00e8re adresse de l\u2019an I du deuxi\u00e8me mandat de Roch Marc Christian [&hellip;]<\/p>\n","protected":false},"author":1816,"featured_media":0,"comment_status":"closed","ping_status":"closed","sticky":false,"template":"","format":"standard","meta":{"fifu_image_url":"https:\/\/www.sidwaya.info\/wp-content\/uploads\/2020\/08\/edito.jpg","fifu_image_alt":"Qui \u00e0 la Primature ?","footnotes":""},"categories":[73,81],"tags":[],"class_list":["post-108695","post","type-post","status-publish","format-standard","hentry","category-actualite","category-burkina-faso"],"_links":{"self":[{"href":"https:\/\/linitiative.ca\/International\/wp-json\/wp\/v2\/posts\/108695","targetHints":{"allow":["GET"]}}],"collection":[{"href":"https:\/\/linitiative.ca\/International\/wp-json\/wp\/v2\/posts"}],"about":[{"href":"https:\/\/linitiative.ca\/International\/wp-json\/wp\/v2\/types\/post"}],"author":[{"embeddable":true,"href":"https:\/\/linitiative.ca\/International\/wp-json\/wp\/v2\/users\/1816"}],"replies":[{"embeddable":true,"href":"https:\/\/linitiative.ca\/International\/wp-json\/wp\/v2\/comments?post=108695"}],"version-history":[{"count":0,"href":"https:\/\/linitiative.ca\/International\/wp-json\/wp\/v2\/posts\/108695\/revisions"}],"wp:attachment":[{"href":"https:\/\/linitiative.ca\/International\/wp-json\/wp\/v2\/media?parent=108695"}],"wp:term":[{"taxonomy":"category","embeddable":true,"href":"https:\/\/linitiative.ca\/International\/wp-json\/wp\/v2\/categories?post=108695"},{"taxonomy":"post_tag","embeddable":true,"href":"https:\/\/linitiative.ca\/International\/wp-json\/wp\/v2\/tags?post=108695"}],"curies":[{"name":"wp","href":"https:\/\/api.w.org\/{rel}","templated":true}]}}