{"id":108700,"date":"2021-01-04T14:18:02","date_gmt":"2021-01-04T19:18:02","guid":{"rendered":"https:\/\/linitiative.ca\/International\/niger-lonu-condamne-les-attaques-contre-deux-villages\/"},"modified":"2021-01-04T14:18:02","modified_gmt":"2021-01-04T19:18:02","slug":"niger-lonu-condamne-les-attaques-contre-deux-villages","status":"publish","type":"post","link":"https:\/\/linitiative.ca\/International\/niger-lonu-condamne-les-attaques-contre-deux-villages\/","title":{"rendered":"Niger: l\u2019ONU condamne les attaques contre deux villages"},"content":{"rendered":"<div readability=\"32\">\n<p>Publi\u00e9 le 04.01.2021 \u00e0 20h18 par APA News<\/p>\n<\/div>\n<div readability=\"67\">\n<p>Le Secr\u00e9taire g\u00e9n\u00e9ral des Nations Unies, Ant\u00f3nio Guterres, a fermement condamn\u00e9 les attaques meurtri\u00e8res perp\u00e9tr\u00e9es samedi dernier contre deux villages de l\u2019ouest du Niger.Dans une d\u00e9claration de presse publi\u00e9e au lendemain des attaques et dont APA a obtenu copie lundi, M. Guterres s\u2019est dit \u00ab convaincu que les autorit\u00e9s nig\u00e9riennes ne m\u00e9nageront aucun effort pour identifier et traduire rapidement en justice les auteurs de cet acte odieux tout en renfor\u00e7ant la protection des civils \u00bb.<\/p>\n<p>Par la voix de son porte-parole, le Secr\u00e9taire g\u00e9n\u00e9ral de l\u2019ONU a exprim\u00e9 ses plus sinc\u00e8res condol\u00e9ances aux familles endeuill\u00e9es ainsi qu\u2019au peuple et au gouvernement du Niger et souhait\u00e9 un prompt r\u00e9tablissement aux bless\u00e9s, indique le document.<\/p>\n<p>A lire aussi: Niger : Nouveau massacre de civils, les jihadistes soup\u00e7onn\u00e9s<\/p>\n<p>\u00ab Le Secr\u00e9taire g\u00e9n\u00e9ral r\u00e9affirme la solidarit\u00e9 et le soutien des Nations unies au gouvernement et au peuple du Niger dans leur lutte contre le terrorisme, l\u2019extr\u00e9misme violent et le crime organis\u00e9 \u00bb, a ajout\u00e9 son porte-parole, cit\u00e9 dans la note.<\/p>\n<p>Le 2 janvier, des individus arm\u00e9s non identifi\u00e9s ont attaqu\u00e9 les villages de Tchombangou et de Zaroumbareye situ\u00e9s dans la r\u00e9gion de Tillab\u00e9ri, \u00e0 environ 120 kilom\u00e8tres au nord de la capitale Niamey et pr\u00e8s de la fronti\u00e8re avec le Mali et le Burkina Faso.<\/p>\n<p>Dans des propos rapport\u00e9s par la presse, Almou Hassane, le maire de Tondikiwindi, commune qui administre ces deux villages, a indiqu\u00e9 qu\u2019au moins 100 personnes sont mortes dans ces deux attaques.<\/p>\n<\/div>\n<p>Auteur: APA News<br \/>\n<a href=\"https:\/\/www.journalducameroun.com\/niger-lonu-condamne-les-attaques-contre-deux-villages\/\">Cliquez ici pour lire l&rsquo;article depuis sa source.<\/a><\/p>\n","protected":false},"excerpt":{"rendered":"<p>Publi\u00e9 le 04.01.2021 \u00e0 20h18 par APA News Le Secr\u00e9taire g\u00e9n\u00e9ral des Nations Unies, Ant\u00f3nio Guterres, a fermement condamn\u00e9 les attaques meurtri\u00e8res perp\u00e9tr\u00e9es samedi dernier contre deux villages de l\u2019ouest du Niger.Dans une d\u00e9claration de presse publi\u00e9e au lendemain des attaques et dont APA a obtenu copie lundi, M. Guterres s\u2019est dit \u00ab convaincu que [&hellip;]<\/p>\n","protected":false},"author":1965,"featured_media":0,"comment_status":"closed","ping_status":"closed","sticky":false,"template":"","format":"standard","meta":{"fifu_image_url":"","fifu_image_alt":"","footnotes":""},"categories":[73,82],"tags":[],"class_list":["post-108700","post","type-post","status-publish","format-standard","hentry","category-actualite","category-cameroun"],"_links":{"self":[{"href":"https:\/\/linitiative.ca\/International\/wp-json\/wp\/v2\/posts\/108700","targetHints":{"allow":["GET"]}}],"collection":[{"href":"https:\/\/linitiative.ca\/International\/wp-json\/wp\/v2\/posts"}],"about":[{"href":"https:\/\/linitiative.ca\/International\/wp-json\/wp\/v2\/types\/post"}],"author":[{"embeddable":true,"href":"https:\/\/linitiative.ca\/International\/wp-json\/wp\/v2\/users\/1965"}],"replies":[{"embeddable":true,"href":"https:\/\/linitiative.ca\/International\/wp-json\/wp\/v2\/comments?post=108700"}],"version-history":[{"count":0,"href":"https:\/\/linitiative.ca\/International\/wp-json\/wp\/v2\/posts\/108700\/revisions"}],"wp:attachment":[{"href":"https:\/\/linitiative.ca\/International\/wp-json\/wp\/v2\/media?parent=108700"}],"wp:term":[{"taxonomy":"category","embeddable":true,"href":"https:\/\/linitiative.ca\/International\/wp-json\/wp\/v2\/categories?post=108700"},{"taxonomy":"post_tag","embeddable":true,"href":"https:\/\/linitiative.ca\/International\/wp-json\/wp\/v2\/tags?post=108700"}],"curies":[{"name":"wp","href":"https:\/\/api.w.org\/{rel}","templated":true}]}}