{"id":108737,"date":"2021-01-05T07:04:00","date_gmt":"2021-01-05T12:04:00","guid":{"rendered":"https:\/\/linitiative.ca\/International\/mechichi-ce-lundi-a-paris-pour-le-one-planet-summit\/"},"modified":"2021-01-05T07:04:00","modified_gmt":"2021-01-05T12:04:00","slug":"mechichi-ce-lundi-a-paris-pour-le-one-planet-summit","status":"publish","type":"post","link":"https:\/\/linitiative.ca\/International\/mechichi-ce-lundi-a-paris-pour-le-one-planet-summit\/","title":{"rendered":"Mechichi ce lundi \u00e0 Paris &#8230; pour le One Planet Summit"},"content":{"rendered":"<p>Le chef du gouvernement retournera la fin de la semaine dans la capitale fran\u00e7aise pour y conduire le lundi 11 janvier la d\u00e9l\u00e9gation tunisienne au One Planet Summit pour la biodiversit\u00e9. C\u2019est ce qu\u2019apprend Leaders de source diplomatique \u00e0 Paris. Hichem Mechichi sera accompagn\u00e9 \u00e0 cette occasion par une d\u00e9l\u00e9gation restreinte comprenant notamment Asma S\u2019hiri Laabidi, tout r\u00e9cemment nomm\u00e9e <a href=\"https:\/\/www.leaders.com.tn\/article\/31036-asma-s-hiri-laabidi-nommee-secretaire-generale-de-la-mer\">secr\u00e9taire g\u00e9n\u00e9rale \u00e0 la Mer<\/a>.<\/p>\n<p>Organis\u00e9 par la France en concertation avec les Nations Unies et la Banque Mondiale, ce \u00ab <a href=\"https:\/\/www.oneplanetsummit.fr\/actualites-17\/prochain-one-planet-summit-paris-le-11-janvier-2021-143\" target=\"_blank\" rel=\"noopener\">sommet<\/a> rassemblera des chefs d\u2019Etat et de gouvernement, des leaders d\u2019organisations internationales, des responsables d\u2019entreprises et de la soci\u00e9t\u00e9 civile, tous pr\u00eats \u00e0 s\u2019engager et \u00e0 agir concr\u00e8tement pour pr\u00e9server et restaurer les \u00e9cosyst\u00e8mes et pour amorcer des changements profonds dans notre \u00e9conomie \u00bb, pr\u00e9cise un communiqu\u00e9 de presse. \u00ab Ce rendez-vous de haut niveau constituera une \u00e9tape importante de la mobilisation politique pour la nature en 2021, dont l\u2019objectif sera d\u2019aboutir \u00e0 un accord international ambitieux pour la biodiversit\u00e9 \u00bb, ajoute-t-il.<\/p>\n<p>Hichem Mechichi aura-t-il cette fois-ci l\u2019occasion de rencontrer en marge des travaux du sommet, le pr\u00e9sident Macron, qu\u2019il n\u2019avait pas pu voir lors de sa visite officielle en France, il y a un mois, le 14 d\u00e9cembre ? Aucune indication obtenue.<br \/>\u00a0<\/p>\n<p>Auteur:<br \/>\n<a href=\"https:\/\/www.leaders.com.tn\/article\/31196-mechichi-ce-lundi-a-paris-pour-le-one-planet-summit\">Cliquez ici pour lire l&rsquo;article depuis sa source.<\/a><\/p>\n","protected":false},"excerpt":{"rendered":"<p>Le chef du gouvernement retournera la fin de la semaine dans la capitale fran\u00e7aise pour y conduire le lundi 11 janvier la d\u00e9l\u00e9gation tunisienne au One Planet Summit pour la biodiversit\u00e9. C\u2019est ce qu\u2019apprend Leaders de source diplomatique \u00e0 Paris. Hichem Mechichi sera accompagn\u00e9 \u00e0 cette occasion par une d\u00e9l\u00e9gation restreinte comprenant notamment Asma S\u2019hiri [&hellip;]<\/p>\n","protected":false},"author":1772,"featured_media":0,"comment_status":"closed","ping_status":"closed","sticky":false,"template":"","format":"standard","meta":{"fifu_image_url":"","fifu_image_alt":"","footnotes":""},"categories":[73,55],"tags":[],"class_list":["post-108737","post","type-post","status-publish","format-standard","hentry","category-actualite","category-tunisie"],"_links":{"self":[{"href":"https:\/\/linitiative.ca\/International\/wp-json\/wp\/v2\/posts\/108737","targetHints":{"allow":["GET"]}}],"collection":[{"href":"https:\/\/linitiative.ca\/International\/wp-json\/wp\/v2\/posts"}],"about":[{"href":"https:\/\/linitiative.ca\/International\/wp-json\/wp\/v2\/types\/post"}],"author":[{"embeddable":true,"href":"https:\/\/linitiative.ca\/International\/wp-json\/wp\/v2\/users\/1772"}],"replies":[{"embeddable":true,"href":"https:\/\/linitiative.ca\/International\/wp-json\/wp\/v2\/comments?post=108737"}],"version-history":[{"count":0,"href":"https:\/\/linitiative.ca\/International\/wp-json\/wp\/v2\/posts\/108737\/revisions"}],"wp:attachment":[{"href":"https:\/\/linitiative.ca\/International\/wp-json\/wp\/v2\/media?parent=108737"}],"wp:term":[{"taxonomy":"category","embeddable":true,"href":"https:\/\/linitiative.ca\/International\/wp-json\/wp\/v2\/categories?post=108737"},{"taxonomy":"post_tag","embeddable":true,"href":"https:\/\/linitiative.ca\/International\/wp-json\/wp\/v2\/tags?post=108737"}],"curies":[{"name":"wp","href":"https:\/\/api.w.org\/{rel}","templated":true}]}}