{"id":108758,"date":"2021-01-05T14:33:07","date_gmt":"2021-01-05T19:33:07","guid":{"rendered":"https:\/\/linitiative.ca\/International\/mort-dans-latlantique-de-plus-de-2000-migrants-en-2020\/"},"modified":"2021-01-05T14:33:07","modified_gmt":"2021-01-05T19:33:07","slug":"mort-dans-latlantique-de-plus-de-2000-migrants-en-2020","status":"publish","type":"post","link":"https:\/\/linitiative.ca\/International\/mort-dans-latlantique-de-plus-de-2000-migrants-en-2020\/","title":{"rendered":"MORT DANS L\u2019ATLANTIQUE DE PLUS DE 2000 MIGRANTS EN 2020"},"content":{"rendered":"<div class=\"featured-area featured-area-inner\"><img decoding=\"async\" width=\"780\" height=\"470\" src=\"https:\/\/lepays.bf\/wp-content\/uploads\/2021\/01\/MIGRANTS-780x470.jpg\" class=\"attachment-jannah-image-post size-jannah-image-post wp-post-image\" alt=\"\" loading=\"lazy\"\/><\/div>\n<div class=\"entry-content entry clearfix\" readability=\"65\">\n<p class=\"c4\"><em>Le rapport 2020 de l\u2019ONG espagnole qui surveille les flux migratoires Caminando Fronteras, fait froid dans le dos. Au total, 2170 migrants ont p\u00e9ri dans l\u2019Atlantique au cours de cette ann\u00e9e 2020 en tentant de gagner l\u2019Espagne. Quand on sait que la majorit\u00e9 des migrants proviennent du Sud du Sahara comme le Niger, le S\u00e9n\u00e9gal, pays de d\u00e9part de nombreux migrants, on ne peut que d\u00e9plorer cette h\u00e9catombe. La situation est d\u2019autant plus alarmante que le nombre des macchab\u00e9s ne fait que s\u2019accro\u00eetre d\u2019ann\u00e9e en ann\u00e9e. Pour preuve, les chiffres communiqu\u00e9s cette ann\u00e9e, repr\u00e9sentent le double de ceux enregistr\u00e9s l\u2019ann\u00e9e derni\u00e8re. Autant dire que c\u2019est une v\u00e9ritable trag\u00e9die qui se joue chaque ann\u00e9e sur les c\u00f4tes maritimes. Malheureusement, et c\u2019est peu de le dire, cette situation \u00e9meut tr\u00e8s peu la conscience humaine. L\u2019on en vient \u00e0 se demander combien de morts il faudra encore pour choquer la conscience humaine. Pendant ce temps, les Europ\u00e9ens sont pr\u00eats \u00e0 d\u00e9bourser des centaines de millions d\u2019euros pour lutter contre l\u2019immigration mais se montrent incapables d\u2019utiliser la m\u00eame somme pour financer des projets de d\u00e9veloppement permettant aux migrants de rester chez eux. Rendre les c\u00f4tes europ\u00e9ennes inaccessibles aux pauvres jeunes Africains qui r\u00eavent d\u2019une vie meilleure si certains ne sont pas contraints \u00e0 fuir leur pays \u00e0 cause de la dictature de leurs dirigeants, peut paraitre comme un acte inhumain. Cela dit, si certains Europ\u00e9ens en viennent \u00e0 traiter les migrants comme des parias, c\u2019est bien parce que la vie de ces derniers ne p\u00e8se pas plus que la plume d\u2019un colibri \u00e0 leurs yeux. Et cela est bien dommage, car ce continent noir que l\u2019on regarde parfois avec d\u00e9dain, est le berceau de l\u2019humanit\u00e9.<\/em><\/p>\n<p class=\"c6\"><strong><em>Il urge que les t\u00eates couronn\u00e9es du continent offrent plus de perspectives d\u2019avenir \u00e0 la jeunesse africaine<\/em><\/strong><\/p>\n<p class=\"c4\"><em>Mieux encore, c\u2019est bien gr\u00e2ce \u00e0 ses richesses que ces Occidentaux auront pill\u00e9es et continuent de piller \u00e0 souhait avec la complicit\u00e9 active de dirigeants insouciants, que l\u2019Europe s\u2019est construite. Quid de la dette de sang? L\u2019Europe gagnerait \u00e0 \u00eatre plus magnanime vis-\u00e0-vis des migrants.\u00a0<\/em> <em>Mais si ce rapport permet de pointer du doigt la responsabilit\u00e9 des Occidentaux qui manquent parfois d\u2019humanit\u00e9, il met aussi les dirigeants africains face \u00e0 leurs responsabilit\u00e9s. Ces morts auraient pu \u00eatre \u00e9vit\u00e9es si ces pr\u00e9sidents n\u2019avaient pas \u00e9chou\u00e9 dans leur politique sociale. C\u2019est parce qu\u2019ils n\u2019ont pas r\u00e9ussi \u00e0 offrir une vie meilleure \u00e0 ces jeunes gens, que l\u2019Europe est devenue l\u2019eldorado de ces derniers. C\u2019est dire si les princes qui nous gouvernent sont plus coupables que les Occidentaux. Tout laisse croire que s\u2019ils avaient r\u00e9ussi \u00e0 fixer ces jeunes dans leur terroir, on n\u2019en serait pas l\u00e0. Il urge donc que les t\u00eates couronn\u00e9es du continent offrent plus de perspectives d\u2019avenir \u00e0 la jeunesse africaine. Seulement, en ont-ils la volont\u00e9 ? On en doute fort. En tout cas, ne demandons pas \u00e0 ceux dont le r\u00eave est de mourir au pouvoir donc de se pencher sur le sort de la jeunesse. Et Dieu seul sait s\u2019ils sont nombreux sur le continent. C\u2019est dire si ce n\u2019est pas demain la veille que ces drames en mer prendront fin.<\/em><\/p>\n<p class=\"c6\"><strong><em>Dabadi ZOUMBARA<\/em><\/strong><\/p>\n<\/div>\n<p>Auteur: Le Pays<br \/>\n<a href=\"https:\/\/lepays.bf\/mort-dans-latlantique-de-plus-de-2000-migrants-en-2020-2\/\">Cliquez ici pour lire l&rsquo;article depuis sa source.<\/a><\/p>\n","protected":false},"excerpt":{"rendered":"<p>Le rapport 2020 de l\u2019ONG espagnole qui surveille les flux migratoires Caminando Fronteras, fait froid dans le dos. Au total, 2170 migrants ont p\u00e9ri dans l\u2019Atlantique au cours de cette ann\u00e9e 2020 en tentant de gagner l\u2019Espagne. Quand on sait que la majorit\u00e9 des migrants proviennent du Sud du Sahara comme le Niger, le S\u00e9n\u00e9gal, [&hellip;]<\/p>\n","protected":false},"author":1813,"featured_media":0,"comment_status":"closed","ping_status":"closed","sticky":false,"template":"","format":"standard","meta":{"fifu_image_url":"https:\/\/lepays.bf\/wp-content\/uploads\/2021\/01\/MIGRANTS-780x470.jpg","fifu_image_alt":"MORT DANS L\u2019ATLANTIQUE DE PLUS DE 2000 MIGRANTS EN 2020","footnotes":""},"categories":[73,81],"tags":[],"class_list":["post-108758","post","type-post","status-publish","format-standard","hentry","category-actualite","category-burkina-faso"],"_links":{"self":[{"href":"https:\/\/linitiative.ca\/International\/wp-json\/wp\/v2\/posts\/108758","targetHints":{"allow":["GET"]}}],"collection":[{"href":"https:\/\/linitiative.ca\/International\/wp-json\/wp\/v2\/posts"}],"about":[{"href":"https:\/\/linitiative.ca\/International\/wp-json\/wp\/v2\/types\/post"}],"author":[{"embeddable":true,"href":"https:\/\/linitiative.ca\/International\/wp-json\/wp\/v2\/users\/1813"}],"replies":[{"embeddable":true,"href":"https:\/\/linitiative.ca\/International\/wp-json\/wp\/v2\/comments?post=108758"}],"version-history":[{"count":0,"href":"https:\/\/linitiative.ca\/International\/wp-json\/wp\/v2\/posts\/108758\/revisions"}],"wp:attachment":[{"href":"https:\/\/linitiative.ca\/International\/wp-json\/wp\/v2\/media?parent=108758"}],"wp:term":[{"taxonomy":"category","embeddable":true,"href":"https:\/\/linitiative.ca\/International\/wp-json\/wp\/v2\/categories?post=108758"},{"taxonomy":"post_tag","embeddable":true,"href":"https:\/\/linitiative.ca\/International\/wp-json\/wp\/v2\/tags?post=108758"}],"curies":[{"name":"wp","href":"https:\/\/api.w.org\/{rel}","templated":true}]}}