{"id":108811,"date":"2021-01-06T15:14:06","date_gmt":"2021-01-06T20:14:06","guid":{"rendered":"https:\/\/linitiative.ca\/International\/international-coupe-du-roi-latletico-madrid-se-fait-sortir-par-une-equipe-de-troisieme-division\/"},"modified":"2021-01-06T15:14:06","modified_gmt":"2021-01-06T20:14:06","slug":"international-coupe-du-roi-latletico-madrid-se-fait-sortir-par-une-equipe-de-troisieme-division","status":"publish","type":"post","link":"https:\/\/linitiative.ca\/International\/international-coupe-du-roi-latletico-madrid-se-fait-sortir-par-une-equipe-de-troisieme-division\/","title":{"rendered":"International : Coupe du Roi : L&rsquo;Atl\u00e9tico Madrid se fait sortir par une \u00e9quipe de troisi\u00e8me division !"},"content":{"rendered":"<div readability=\"32\">\n<p>Auteur : <span class=\"time\">mercredi 06 janvier 2021 20:11<\/span><\/p>\n<\/div>\n<div id=\"post_core\" readability=\"45\">\n<p>L&rsquo;Atl\u00e9tico de Madrid, actuel leader du championnat espagnol, s&rsquo;est fait sortir de la Coupe du Roi d\u00e8s les 32e de finale par le club de Cornella (1-0), qui \u00e9volue en troisi\u00e8me division.\u00a0Pourtant compos\u00e9e de nombreux titulaires habituels (Joao Felix, Correa, Felipe, Gimenez&#8230;), l&rsquo;\u00e9quipe de Diego Simeone s&rsquo;est fait surprendre d\u00e8s l&rsquo;entame de match par l&rsquo;ouverture du score du lat\u00e9ral gauche Adrian Jimenez (7e), avant de se retrouver en inf\u00e9riorit\u00e9 num\u00e9rique apr\u00e8s l&rsquo;heure de jeu.<\/p>\n<p><strong>Publi\u00e9 dans :<\/strong> <span>Atl\u00e9tico Madrid<\/span><\/p>\n<\/div>\n<p>Auteur:<br \/>\n<a href=\"http:\/\/www.lebuteur.com\/article\/detail?titre=coupe-du-roi-latletico-madrid-se-fait-sortir-par-une-equipe-de-troisieme-division&#038;id=98606&#038;utm_source=feedburner&#038;utm_medium=feed&#038;utm_campaign=Feed%3A+GalerieFArtciles+%28Les+derniers+articles++-+lebuteur.com%29\">Cliquez ici pour lire l&rsquo;article depuis sa source.<\/a><\/p>\n","protected":false},"excerpt":{"rendered":"<p>Auteur : mercredi 06 janvier 2021 20:11 L&rsquo;Atl\u00e9tico de Madrid, actuel leader du championnat espagnol, s&rsquo;est fait sortir de la Coupe du Roi d\u00e8s les 32e de finale par le club de Cornella (1-0), qui \u00e9volue en troisi\u00e8me division.\u00a0Pourtant compos\u00e9e de nombreux titulaires habituels (Joao Felix, Correa, Felipe, Gimenez&#8230;), l&rsquo;\u00e9quipe de Diego Simeone s&rsquo;est fait [&hellip;]<\/p>\n","protected":false},"author":1738,"featured_media":0,"comment_status":"closed","ping_status":"closed","sticky":false,"template":"","format":"standard","meta":{"fifu_image_url":"\/\/cdn.lebuteur.com\/data\/images\/article\/thumbs\/large-coupe-du-roi-latletico-madrid-se-fait-sortir-par-une-equipe-de-troisieme-division-1441e.jpg","fifu_image_alt":"International : Coupe du Roi : L'Atl\u00e9tico Madrid se fait sortir par une \u00e9quipe de troisi\u00e8me division !","footnotes":""},"categories":[53,75],"tags":[],"class_list":["post-108811","post","type-post","status-publish","format-standard","hentry","category-algerie","category-sport"],"_links":{"self":[{"href":"https:\/\/linitiative.ca\/International\/wp-json\/wp\/v2\/posts\/108811","targetHints":{"allow":["GET"]}}],"collection":[{"href":"https:\/\/linitiative.ca\/International\/wp-json\/wp\/v2\/posts"}],"about":[{"href":"https:\/\/linitiative.ca\/International\/wp-json\/wp\/v2\/types\/post"}],"author":[{"embeddable":true,"href":"https:\/\/linitiative.ca\/International\/wp-json\/wp\/v2\/users\/1738"}],"replies":[{"embeddable":true,"href":"https:\/\/linitiative.ca\/International\/wp-json\/wp\/v2\/comments?post=108811"}],"version-history":[{"count":0,"href":"https:\/\/linitiative.ca\/International\/wp-json\/wp\/v2\/posts\/108811\/revisions"}],"wp:attachment":[{"href":"https:\/\/linitiative.ca\/International\/wp-json\/wp\/v2\/media?parent=108811"}],"wp:term":[{"taxonomy":"category","embeddable":true,"href":"https:\/\/linitiative.ca\/International\/wp-json\/wp\/v2\/categories?post=108811"},{"taxonomy":"post_tag","embeddable":true,"href":"https:\/\/linitiative.ca\/International\/wp-json\/wp\/v2\/tags?post=108811"}],"curies":[{"name":"wp","href":"https:\/\/api.w.org\/{rel}","templated":true}]}}