{"id":108824,"date":"2021-01-06T13:38:43","date_gmt":"2021-01-06T18:38:43","guid":{"rendered":"https:\/\/linitiative.ca\/International\/nouveaute-renault-commerce-maroc-devoile-la-megane-facelift\/"},"modified":"2021-01-06T13:38:43","modified_gmt":"2021-01-06T18:38:43","slug":"nouveaute-renault-commerce-maroc-devoile-la-megane-facelift","status":"publish","type":"post","link":"https:\/\/linitiative.ca\/International\/nouveaute-renault-commerce-maroc-devoile-la-megane-facelift\/","title":{"rendered":"Nouveaut\u00e9 : Renault Commerce Maroc d\u00e9voile la M\u00e9gane facelift"},"content":{"rendered":"<p><strong>Du nouveau dans la cat\u00e9gorie des compactes\u00a0! En effet, Renault Commerce Maroc a officialis\u00e9 le lancement de la nouvelle M\u00e9gane. De fa\u00e7on plus pr\u00e9cise, cette derni\u00e8re a b\u00e9n\u00e9fici\u00e9 courant 2020 d\u2019un restylage de circonstance, histoire de demeurer toujours aussi comp\u00e9titive dans un segment tr\u00e8s concurrentiel.<\/strong><\/p>\n<div class=\"c10\"\/>\n<p>Il \u00e9tait donc temps pour Renault Commerce Maroc de capitaliser sur cette version restyl\u00e9e de la M\u00e9gane. Dans le d\u00e9tail, quelques petites modifications sont venues agr\u00e9menter la carrosserie de ce mill\u00e9sime. Rappelons que la M\u00e9gane IV avait fait son apparition courant 2015.<\/p>\n<p><strong>Lire aussi |<a href=\"https:\/\/www.challenge.ma\/liresen-et-lamee-donnent-un-coup-daccelerateur-a-la-mobilite-durable-171208\/\">L\u2019IRESEN et l\u2019AMEE donnent un coup d\u2019acc\u00e9l\u00e9rateur \u00e0 la mobilit\u00e9 durable<\/a><\/strong><\/p>\n<p>Ainsi, la partie avant adopte\u00a0de nouveaux projecteurs full LED d\u00e8s l\u2019entr\u00e9e de gamme, s\u2019entourant d\u2019une signature lumineuse revue et corrig\u00e9e.\u00a0Des feux joliment crayonn\u00e9s qui mettent en relief la calandre estampill\u00e9e du losange qui, pour le coup, a \u00e9t\u00e9 l\u00e9g\u00e8rement redessin\u00e9. La partie arri\u00e8re, quant \u00e0 elle, profite de\u00a0feux \u00e0 LED visuellement plus fins. A noter qu\u2019ils int\u00e8grent \u00e0 leur base des\u00a0clignotants dynamiques.<\/p>\n<p><img decoding=\"async\" loading=\"lazy\" width=\"767\" height=\"526\" src=\"https:\/\/www.challenge.ma\/wp-content\/uploads\/2021\/01\/Renault-Megane-2020-800-0d-1.jpg\" alt=\"\" class=\"wp-image-171240\" srcset=\"https:\/\/www.challenge.ma\/wp-content\/uploads\/2021\/01\/Renault-Megane-2020-800-0d-1.jpg 767w, https:\/\/www.challenge.ma\/wp-content\/uploads\/2021\/01\/Renault-Megane-2020-800-0d-1-300x206.jpg 300w, https:\/\/www.challenge.ma\/wp-content\/uploads\/2021\/01\/Renault-Megane-2020-800-0d-1-360x247.jpg 360w, https:\/\/www.challenge.ma\/wp-content\/uploads\/2021\/01\/Renault-Megane-2020-800-0d-1-750x514.jpg 750w\" sizes=\"auto, (max-width: 767px) 100vw, 767px\"\/>De nouvelles selleries et des mat\u00e9riaux toujours aussi qualitatifs viennent ponctuer l\u2019ambiance int\u00e9rieure de la Renault M\u00e9gane restyl\u00e9e.<\/p>\n<p>A l\u2019int\u00e9rieur, on retrouve une ambiance conviviale et finalement accueillante. La qualit\u00e9 des mat\u00e9riaux et leur assemblage sont d\u2019excellente facture sur cette version facelift. Dans le d\u00e9tail, on retrouve un volant au toucher d\u00e9sormais soft d\u00e8s les premiers niveaux de finitions et de nouvelles selleries. A noter l\u2019apparition du nouvel \u00e9cran 9,3 pouces dot\u00e9 du syst\u00e8me multim\u00e9dia \u00abEASY LINK\u00bb. Ce syst\u00e8me au fonctionnement inspir\u00e9 par les codes et les usages du smartphone se veut ergonomique et plus fonctionnel pour une technologie facile d\u2019usage, dixit le staff d\u2019ing\u00e9nierie de Renault.<\/p>\n<p>On ne change pas une recette qui pla\u00eet\u00a0; en effet, la M\u00e9gane restyl\u00e9e \u00e9trenne bien \u00e9videmment la technologie MULTI-SENSE ch\u00e8re \u00e0 Renault qui permet de proposer plusieurs v\u00e9hicules en un seul. Agissant conjointement sur la cartographie moteur, la direction, l\u2019ambiance lumineuse et la configuration de l\u2019\u00e9cran num\u00e9rique qui remplace les compteurs, diff\u00e9rents r\u00e9glages permettent de personnaliser son exp\u00e9rience de la conduite au volant et selon son humeur via les quatre modes disponibles : \u00c9co, Confort, Sport et MySense.<\/p>\n<p><img decoding=\"async\" loading=\"lazy\" width=\"786\" height=\"496\" src=\"https:\/\/www.challenge.ma\/wp-content\/uploads\/2021\/01\/Renault-Megane-2020-800-02.jpg\" alt=\"\" class=\"wp-image-171235\" srcset=\"https:\/\/www.challenge.ma\/wp-content\/uploads\/2021\/01\/Renault-Megane-2020-800-02.jpg 786w, https:\/\/www.challenge.ma\/wp-content\/uploads\/2021\/01\/Renault-Megane-2020-800-02-300x189.jpg 300w, https:\/\/www.challenge.ma\/wp-content\/uploads\/2021\/01\/Renault-Megane-2020-800-02-768x485.jpg 768w, https:\/\/www.challenge.ma\/wp-content\/uploads\/2021\/01\/Renault-Megane-2020-800-02-360x227.jpg 360w, https:\/\/www.challenge.ma\/wp-content\/uploads\/2021\/01\/Renault-Megane-2020-800-02-750x473.jpg 750w\" sizes=\"auto, (max-width: 786px) 100vw, 786px\"\/>Les feux arri\u00e8re joliment crayonn\u00e9s adoptent des clignotants dits dynamiques.<\/p>\n<p><strong>Lire aussi | <a href=\"https:\/\/www.challenge.ma\/evolution-du-coronavirus-au-maroc-1642-nouveaux-cas-447-081-au-total-mercredi-6-janvier-2021-a-18-heures-171219\/\">\u00c9volution du coronavirus au Maroc : 1642 nouveaux cas, 447.081 au total, mercredi 6 janvier 2021 \u00e0 18 heures<\/a><\/strong><\/p>\n<p>C\u00f4t\u00e9 motorisations, Renault Commerce Maroc capitalise sur un diesel, en l\u2019occurrence l\u2019excellent et alerte 1,5 litre dCi de 115 chevaux anim\u00e9 au choix par une bo\u00eete de vitesses manuelle \u00e0 six rapports ou automatique et \u00e0 double embrayage \u00e0 sept rapports. Tarif d\u2019attaque de cette M\u00e9gane facelift\u00a0: 186\u00a0900 DH.<\/p>\n<p>Auteur: David J\u00e9r\u00e9mie<br \/>\n<a href=\"https:\/\/www.challenge.ma\/nouveaute-renault-commerce-maroc-devoile-la-megane-facelift-171232\/\">Cliquez ici pour lire l&rsquo;article depuis sa source.<\/a><\/p>\n","protected":false},"excerpt":{"rendered":"<p>Du nouveau dans la cat\u00e9gorie des compactes\u00a0! En effet, Renault Commerce Maroc a officialis\u00e9 le lancement de la nouvelle M\u00e9gane. De fa\u00e7on plus pr\u00e9cise, cette derni\u00e8re a b\u00e9n\u00e9fici\u00e9 courant 2020 d\u2019un restylage de circonstance, histoire de demeurer toujours aussi comp\u00e9titive dans un segment tr\u00e8s concurrentiel. Il \u00e9tait donc temps pour Renault Commerce Maroc de capitaliser [&hellip;]<\/p>\n","protected":false},"author":1787,"featured_media":0,"comment_status":"closed","ping_status":"closed","sticky":false,"template":"","format":"standard","meta":{"fifu_image_url":"https:\/\/www.challenge.ma\/wp-content\/uploads\/2021\/01\/Renault-Megane-2020-800-0d-1.jpg","fifu_image_alt":"Nouveaut\u00e9 : Renault Commerce Maroc d\u00e9voile la M\u00e9gane facelift","footnotes":""},"categories":[78,54],"tags":[],"class_list":["post-108824","post","type-post","status-publish","format-standard","hentry","category-economie","category-maroc"],"_links":{"self":[{"href":"https:\/\/linitiative.ca\/International\/wp-json\/wp\/v2\/posts\/108824","targetHints":{"allow":["GET"]}}],"collection":[{"href":"https:\/\/linitiative.ca\/International\/wp-json\/wp\/v2\/posts"}],"about":[{"href":"https:\/\/linitiative.ca\/International\/wp-json\/wp\/v2\/types\/post"}],"author":[{"embeddable":true,"href":"https:\/\/linitiative.ca\/International\/wp-json\/wp\/v2\/users\/1787"}],"replies":[{"embeddable":true,"href":"https:\/\/linitiative.ca\/International\/wp-json\/wp\/v2\/comments?post=108824"}],"version-history":[{"count":0,"href":"https:\/\/linitiative.ca\/International\/wp-json\/wp\/v2\/posts\/108824\/revisions"}],"wp:attachment":[{"href":"https:\/\/linitiative.ca\/International\/wp-json\/wp\/v2\/media?parent=108824"}],"wp:term":[{"taxonomy":"category","embeddable":true,"href":"https:\/\/linitiative.ca\/International\/wp-json\/wp\/v2\/categories?post=108824"},{"taxonomy":"post_tag","embeddable":true,"href":"https:\/\/linitiative.ca\/International\/wp-json\/wp\/v2\/tags?post=108824"}],"curies":[{"name":"wp","href":"https:\/\/api.w.org\/{rel}","templated":true}]}}