{"id":108825,"date":"2021-01-06T13:39:38","date_gmt":"2021-01-06T18:39:38","guid":{"rendered":"https:\/\/linitiative.ca\/International\/energies-renouvelables-la-construction-du-parc-eolien-de-midelt-achevee\/"},"modified":"2021-01-06T13:39:38","modified_gmt":"2021-01-06T18:39:38","slug":"energies-renouvelables-la-construction-du-parc-eolien-de-midelt-achevee","status":"publish","type":"post","link":"https:\/\/linitiative.ca\/International\/energies-renouvelables-la-construction-du-parc-eolien-de-midelt-achevee\/","title":{"rendered":"Energies renouvelables : la construction du parc \u00e9olien de Midelt achev\u00e9e"},"content":{"rendered":"<p><strong>L\u2019Office national de l\u2019\u00e9lectricit\u00e9 et de l\u2019eau potable (ONEE) vient d\u2019achever la construction du parc \u00e9olien de Midelt. Il s\u2019agit d\u2019un parc d\u2019une capacit\u00e9 de 120 MW (M\u00e9gawatt).<\/strong><\/p>\n<div class=\"c10\"\/>\n<p>Dans ce cadre, Abderrahim El Hafidi, Directeur G\u00e9n\u00e9ral de l\u2019ONEE, a effectu\u00e9 le 6 janvier , en pr\u00e9sence du Gouverneur de Midelt et l\u2019\u00e9quipe projet ONEE, une visite du parc \u00e9olien de Midelt pour s\u2019enqu\u00e9rir de l\u2019\u00e9tat global des travaux d\u2019ach\u00e8vement des essais des mises en service commerciales de ce grand projet. \u00ab\u00a0Le directeur g\u00e9n\u00e9ral a pu constater, de visu, que gr\u00e2ce aux efforts de toutes les parties prenantes du projet, les travaux de construction de ce parc \u00e9olien ont pu \u00eatre achev\u00e9s et la cadence d\u2019assemblage des \u00e9oliennes et leur mises en service a pu \u00eatre maintenue en d\u00e9pit du contexte sanitaire marqu\u00e9 par la pand\u00e9mie Covid 19\u00a0\u00bb, pr\u00e9cise l\u2019office. Le Parc Eolien de Midelt, dont le co\u00fbt global est d\u2019environ 2,5 milliards de DH, a n\u00e9cessit\u00e9 une dur\u00e9e de travaux de 24 mois.<\/p>\n<p><strong>Lire aussi| <a href=\"https:\/\/www.challenge.ma\/la-startup-color-fondee-par-un-marocain-accede-au-rang-de-licorne-171201\/\">La startup Color fond\u00e9e par un marocain acc\u00e8de au rang de \u00ab licorne \u00bb<\/a><\/strong><\/p>\n<p>Notons que ce grand projet, qui fait partie du programme d\u2019\u00e9quipement de l\u2019ONEE en moyens de production \u00e9lectrique, s\u2019inscrit dans le cadre de la mise en \u0153uvre de la Vision Royale pour garantir la s\u00e9curisation d\u2019approvisionnement \u00e9nerg\u00e9tique de notre pays, notamment celle \u00e0 base d\u2019\u00e9nergie renouvelable. \u00ab\u00a0Le Parc Eolien de Midelt -210 MW- fait partie du Programme Eolien Int\u00e9gr\u00e9 850 MW qui est compos\u00e9 de plusieurs parcs \u00e9oliens situ\u00e9s entre les r\u00e9gions sud et nord du Royaume disposant d\u2019un potentiel \u00e9olien important : Boujdour (300 MW), Tiskrad (Tarfaya \u2013 100 MW), Midelt (210 MW) et Jbel Lahdid (Essaouira -270 MW)\u00a0\u00bb, ajoute aussi l\u2019ONEE. Il est \u00e0 noter que les parcs \u00e9oliens du Programme sont d\u00e9velopp\u00e9s dans le cadre de la production priv\u00e9e d\u2019\u00e9lectricit\u00e9 (IPP) et du partenariat public-priv\u00e9 (PPP).<\/p>\n<p><strong>Lire aussi| <a href=\"https:\/\/www.challenge.ma\/liresen-et-lamee-donnent-un-coup-daccelerateur-a-la-mobilite-durable-171208\/\">L\u2019IRESEN et l\u2019AMEE donnent un coup d\u2019acc\u00e9l\u00e9rateur \u00e0 la mobilit\u00e9 durable<\/a><\/strong><\/p>\n<p>Rappelons aussi que le Programme Eolien Int\u00e9gr\u00e9 850 MW b\u00e9n\u00e9ficie d\u2019un financement concessionnel global de 455 millions d\u2019euros et 31 millions de dollars. \u00ab\u00a0En 2020, les diff\u00e9rentes activit\u00e9s de construction de ce parc se sont poursuivies notamment\u00a0pour les raccordements internes, le transport, l\u2019assemblage et les montages des \u00e9oliennes, les essais de mise en service et de r\u00e9ception des ouvrages et ce, afin de garantir l\u2019ach\u00e8vement des mises en exploitation commerciales de l\u2019ensemble des \u00e9oliennes et du parc \u00e9olien dans sa globalit\u00e9 avant fin 2020\u00a0\u00bb,\u00a0 conclut l\u2019office.<\/p>\n<p>Auteur: challenge<br \/>\n<a href=\"https:\/\/www.challenge.ma\/energies-renouvelables-la-construction-du-parc-eolien-de-midelt-achevee-171236\/\">Cliquez ici pour lire l&rsquo;article depuis sa source.<\/a><\/p>\n","protected":false},"excerpt":{"rendered":"<p>L\u2019Office national de l\u2019\u00e9lectricit\u00e9 et de l\u2019eau potable (ONEE) vient d\u2019achever la construction du parc \u00e9olien de Midelt. Il s\u2019agit d\u2019un parc d\u2019une capacit\u00e9 de 120 MW (M\u00e9gawatt). Dans ce cadre, Abderrahim El Hafidi, Directeur G\u00e9n\u00e9ral de l\u2019ONEE, a effectu\u00e9 le 6 janvier , en pr\u00e9sence du Gouverneur de Midelt et l\u2019\u00e9quipe projet ONEE, une [&hellip;]<\/p>\n","protected":false},"author":1787,"featured_media":0,"comment_status":"closed","ping_status":"closed","sticky":false,"template":"","format":"standard","meta":{"fifu_image_url":"","fifu_image_alt":"","footnotes":""},"categories":[78,54],"tags":[],"class_list":["post-108825","post","type-post","status-publish","format-standard","hentry","category-economie","category-maroc"],"_links":{"self":[{"href":"https:\/\/linitiative.ca\/International\/wp-json\/wp\/v2\/posts\/108825","targetHints":{"allow":["GET"]}}],"collection":[{"href":"https:\/\/linitiative.ca\/International\/wp-json\/wp\/v2\/posts"}],"about":[{"href":"https:\/\/linitiative.ca\/International\/wp-json\/wp\/v2\/types\/post"}],"author":[{"embeddable":true,"href":"https:\/\/linitiative.ca\/International\/wp-json\/wp\/v2\/users\/1787"}],"replies":[{"embeddable":true,"href":"https:\/\/linitiative.ca\/International\/wp-json\/wp\/v2\/comments?post=108825"}],"version-history":[{"count":0,"href":"https:\/\/linitiative.ca\/International\/wp-json\/wp\/v2\/posts\/108825\/revisions"}],"wp:attachment":[{"href":"https:\/\/linitiative.ca\/International\/wp-json\/wp\/v2\/media?parent=108825"}],"wp:term":[{"taxonomy":"category","embeddable":true,"href":"https:\/\/linitiative.ca\/International\/wp-json\/wp\/v2\/categories?post=108825"},{"taxonomy":"post_tag","embeddable":true,"href":"https:\/\/linitiative.ca\/International\/wp-json\/wp\/v2\/tags?post=108825"}],"curies":[{"name":"wp","href":"https:\/\/api.w.org\/{rel}","templated":true}]}}