{"id":108826,"date":"2021-01-06T14:50:23","date_gmt":"2021-01-06T19:50:23","guid":{"rendered":"https:\/\/linitiative.ca\/International\/lawrence-randolph-nouveau-consul-general-des-etats-unis-a-casablanca-prend-ses-fonctions\/"},"modified":"2021-01-06T14:50:23","modified_gmt":"2021-01-06T19:50:23","slug":"lawrence-randolph-nouveau-consul-general-des-etats-unis-a-casablanca-prend-ses-fonctions","status":"publish","type":"post","link":"https:\/\/linitiative.ca\/International\/lawrence-randolph-nouveau-consul-general-des-etats-unis-a-casablanca-prend-ses-fonctions\/","title":{"rendered":"Lawrence Randolph, nouveau Consul g\u00e9n\u00e9ral des Etats-Unis \u00e0 Casablanca, prend ses fonctions"},"content":{"rendered":"<p><strong>Lawrence Randolph a pris ses fonctions en tant que Consul g\u00e9n\u00e9ral des Etats-Unis \u00e0 Casablanca le 4 janvier 2021.<\/strong><\/p>\n<div class=\"c10\"\/>\n<p>Diplomate am\u00e9ricain depuis 2003, il a occup\u00e9 plusieurs fonctions aux Etats-Unis et \u00e0 l\u2019\u00e9tranger. Son dernier post \u00e0 l\u2019international \u00e9tait de Chef de Mission Adjoint \u00e0 l\u2019Ambassade des Etats-Unis \u00e0 Alger, o\u00f9 il a co-dirig\u00e9 une \u00e9quipe inter organismes de plus de 400 personnes. Il est arriv\u00e9 \u00e0 Alger de Frankfurt en Allemagne, o\u00f9 il fut Chef de la section des Relations Publiques. Avant son affectation \u00e0 Frankfurt, il a pass\u00e9 une ann\u00e9e \u00e0 Kabul en Afghanistan menant l\u2019Unit\u00e9 des Affaires Ext\u00e9rieures relevant de la section politique, responsable d\u2019\u00e9tablir des rapports sur les relations de l\u2019Afghanistan avec les pays de la r\u00e9gion et les organisations multilat\u00e9rales. Lawrence Randolph a \u00e9galement fait partie d\u2019une \u00e9quipe de diplomates et d\u2019officiers militaires charg\u00e9e des n\u00e9gociations pour un accord s\u00e9curitaire bilat\u00e9ral entre les Etats-Unis et l\u2019Afghanistan.<\/p>\n<p><strong>Lire aussi| <a href=\"https:\/\/www.challenge.ma\/energies-renouvelables-la-construction-du-parc-eolien-de-midelt-achevee-171236\/\">Energies renouvelables : la construction du parc \u00e9olien de Midelt achev\u00e9e<\/a><\/strong><\/p>\n<p>Aux Etats-Unis, Il a, entre autres, occup\u00e9 le poste d\u2019Assistant Sp\u00e9cial aux cabinets des Secr\u00e9taires d\u2019Etat Clinton et Kerry, et a \u00e9galement \u00e9t\u00e9, pendant un an, Assistant Sp\u00e9cial au bureau du Secr\u00e9taire d\u2019Etat Adjoint pour la Diplomatie Publique et les Affaires Publiques, conseillant le Secr\u00e9taire d\u2019Etat Adjoint sur les questions de la diplomatie publique au Moyen-Orient et en Afrique du Nord pendant le Printemps Arabe. Juste avant son affectation au Maroc, il a travaill\u00e9 avec la Directrice G\u00e9n\u00e9rale du Service du Corps Diplomatique, o\u00f9 il a contribu\u00e9 \u00e0 mettre en place un programme international de r\u00e9silience et de bien-\u00eatre pour employ\u00e9s, appel\u00e9 TalentCare.<\/p>\n<p><strong>Lire aussi| <a href=\"https:\/\/www.challenge.ma\/la-startup-color-fondee-par-un-marocain-accede-au-rang-de-licorne-171201\/\">La startup Color fond\u00e9e par un marocain acc\u00e8de au rang de \u00ab licorne \u00bb<\/a><\/strong><\/p>\n<p>Lawrence Randolph a obtenu une licence en Etudes Internationales du Morehouse College, et un Master en Gestion des Affaires Publiques de l\u2019Universit\u00e9 de Colombia. Il est laur\u00e9at de la bourse R. Pickering Foreign Affairs.\u00a0 Quatre ans apr\u00e8s avoir rejoint le D\u00e9partement d\u2019Etat, il a pass\u00e9 une ann\u00e9e \u00e0 \u00e9tudier l\u2019Arabe au niveau avanc\u00e9 \u00e0 l\u2019Universit\u00e9 Am\u00e9ricaine du Caire. Il parle l\u2019Arabe, le Fran\u00e7ais, l\u2019Allemand et l\u2019Espagnol.<\/p>\n<p>Auteur: challenge<br \/>\n<a href=\"https:\/\/www.challenge.ma\/lawrence-randolph-nouveau-consul-general-des-etats-unis-a-casablanca-prend-ses-fonctions-171248\/\">Cliquez ici pour lire l&rsquo;article depuis sa source.<\/a><\/p>\n","protected":false},"excerpt":{"rendered":"<p>Lawrence Randolph a pris ses fonctions en tant que Consul g\u00e9n\u00e9ral des Etats-Unis \u00e0 Casablanca le 4 janvier 2021. Diplomate am\u00e9ricain depuis 2003, il a occup\u00e9 plusieurs fonctions aux Etats-Unis et \u00e0 l\u2019\u00e9tranger. Son dernier post \u00e0 l\u2019international \u00e9tait de Chef de Mission Adjoint \u00e0 l\u2019Ambassade des Etats-Unis \u00e0 Alger, o\u00f9 il a co-dirig\u00e9 une [&hellip;]<\/p>\n","protected":false},"author":1787,"featured_media":0,"comment_status":"closed","ping_status":"closed","sticky":false,"template":"","format":"standard","meta":{"fifu_image_url":"","fifu_image_alt":"","footnotes":""},"categories":[78,54],"tags":[],"class_list":["post-108826","post","type-post","status-publish","format-standard","hentry","category-economie","category-maroc"],"_links":{"self":[{"href":"https:\/\/linitiative.ca\/International\/wp-json\/wp\/v2\/posts\/108826","targetHints":{"allow":["GET"]}}],"collection":[{"href":"https:\/\/linitiative.ca\/International\/wp-json\/wp\/v2\/posts"}],"about":[{"href":"https:\/\/linitiative.ca\/International\/wp-json\/wp\/v2\/types\/post"}],"author":[{"embeddable":true,"href":"https:\/\/linitiative.ca\/International\/wp-json\/wp\/v2\/users\/1787"}],"replies":[{"embeddable":true,"href":"https:\/\/linitiative.ca\/International\/wp-json\/wp\/v2\/comments?post=108826"}],"version-history":[{"count":0,"href":"https:\/\/linitiative.ca\/International\/wp-json\/wp\/v2\/posts\/108826\/revisions"}],"wp:attachment":[{"href":"https:\/\/linitiative.ca\/International\/wp-json\/wp\/v2\/media?parent=108826"}],"wp:term":[{"taxonomy":"category","embeddable":true,"href":"https:\/\/linitiative.ca\/International\/wp-json\/wp\/v2\/categories?post=108826"},{"taxonomy":"post_tag","embeddable":true,"href":"https:\/\/linitiative.ca\/International\/wp-json\/wp\/v2\/tags?post=108826"}],"curies":[{"name":"wp","href":"https:\/\/api.w.org\/{rel}","templated":true}]}}