{"id":108830,"date":"2021-01-06T16:40:19","date_gmt":"2021-01-06T21:40:19","guid":{"rendered":"https:\/\/linitiative.ca\/International\/tunisie-dialogue-national-kais-saied-recoit-a-nouveau-noureddine-taboubi-au-palais-de-carthage\/"},"modified":"2021-01-06T16:40:19","modified_gmt":"2021-01-06T21:40:19","slug":"tunisie-dialogue-national-kais-saied-recoit-a-nouveau-noureddine-taboubi-au-palais-de-carthage","status":"publish","type":"post","link":"https:\/\/linitiative.ca\/International\/tunisie-dialogue-national-kais-saied-recoit-a-nouveau-noureddine-taboubi-au-palais-de-carthage\/","title":{"rendered":"Tunisie-dialogue national: Kais Saied re\u00e7oit \u00e0 nouveau Noureddine Taboubi au palais de Carthage"},"content":{"rendered":"<div class=\"post-cont-in left relative\">\n<div id=\"post-info-wrap\" class=\"left relative post-info-out\">\n<div class=\"post-info-img left relative\"><img loading=\"lazy\" decoding=\"async\" alt=\"\" src=\"https:\/\/secure.gravatar.com\/avatar\/ea481d7287ad38ca1787f44b5bb1b70e?s=50&amp;d=mm&amp;r=g\" srcset=\"https:\/\/secure.gravatar.com\/avatar\/ea481d7287ad38ca1787f44b5bb1b70e?s=100&amp;d=mm&amp;r=g 2x\" class=\"avatar avatar-50 photo\" height=\"50\" width=\"50\"\/><\/div>\n<div class=\"post-info-in\">\n<div class=\"post-info-right left relative post-info-name left relative\"><span><span class=\"post-info-text\">Par<\/span> <span class=\"author-name vcard fn author\"><a href=\"https:\/\/www.tunisienumerique.com\/author\/rania-ben-slimane\/\" title=\"Articles par rania ben slimane\" rel=\"author\">rania ben slimane<\/a><\/span><\/span> <span class=\"post-date updated\"><time class=\"post-date updated\" datetime=\"2021-01-06\">\u00a0| Il y a 11 secondes<\/time><\/span><\/div>\n<div class=\"left relative\"><button id=\"listenButton1\" class=\"responsivevoice-button\" type=\"button\" value=\"Play\" title=\"&#xC9;coutez l'article\"><span>\ud83d\udd0a \u00c9coutez l&rsquo;article<\/span><\/button> <\/div>\n<\/div>\n<\/div>\n<p>La pr\u00e9sidence de la R\u00e9publique a annonc\u00e9, dans un communiqu\u00e9 rendu public le 06 janvier 2021, que le pr\u00e9sident de la R\u00e9publique, Kais Sa\u00efd, s\u2019est r\u00e9uni ce soir, au palais de Carthage, avec le secr\u00e9taire g\u00e9n\u00e9ral de l\u2019Union g\u00e9n\u00e9rale Tunisienne du Travail, Noureddine Taboubi.<\/p>\n<div class=\"code-block code-block-1 c4\"><ins class=\"adsbygoogle c3\" data-ad-layout=\"in-article\" data-ad-format=\"fluid\" data-ad-client=\"ca-pub-2102118777505746\" data-ad-slot=\"7301775417\"\/> <\/div>\n<p>Le pr\u00e9sident de la R\u00e9publique a renouvel\u00e9 son approbation de l\u2019initiative du dialogue national pr\u00e9sent\u00e9 par l\u2019UGTT.<\/p>\n<p>Au cours de la r\u00e9union, nombreux aspects proc\u00e9duraux ont \u00e9t\u00e9 abord\u00e9s, notamment les parties susceptibles d\u2019\u00eatre invit\u00e9es \u00e0 participer, les moyens de participer \u00e0 ce dialogue et ses m\u00e9canismes. Parmi ces m\u00e9canismes figure la participation des jeunes des organisations nationales et de la soci\u00e9t\u00e9 civile, ainsi que des partis.<\/p>\n<p>Parmi les m\u00e9canismes qui ont \u00e9galement \u00e9t\u00e9 abord\u00e9s figurait le m\u00e9canisme de participation des jeunes, en adoptant des m\u00e9thodes modernes de communication qui permettent aux jeunes de toutes les r\u00e9gions de la R\u00e9publique et ceux \u00e0 l\u2019\u00e9tranger de pr\u00e9senter leur diagnostic de la r\u00e9alit\u00e9 et les solutions qu\u2019il propose aux diff\u00e9rents enjeux soulev\u00e9s en Tunisie aujourd\u2019hui.<\/p>\n<p>Saied a, en outre, affirm\u00e9 que la R\u00e9volution a \u00e9t\u00e9 d\u00e9clench\u00e9e de l\u2019int\u00e9rieur et que ce sont les jeunes qui ont d\u00e9fini ses slogans et fix\u00e9 ses objectifs. Il est donc naturel de leur permettre de participer \u00e0 tout dialogue afin que ce dialogue soit un dialogue qui aborde en profondeur les v\u00e9ritables revendications du peuple tunisien, dont l\u2019emploi, la libert\u00e9 et la dignit\u00e9 nationale.<\/p>\n<p>La r\u00e9union a \u00e9galement port\u00e9 sur le dossier des martyrs et bless\u00e9s de la R\u00e9volution. Dans ce contexte, Saied a renouvel\u00e9 son adh\u00e9sion \u00e0 ce qu\u2019il avait propos\u00e9 il y a des ann\u00e9es, \u00e0 savoir l\u2019adoption du rapport r\u00e9dig\u00e9 par la Commission Nationale d\u2019Enqu\u00eate sur les infractions enregistr\u00e9es pendant la p\u00e9riode du 17 d\u00e9cembre 2010 jusqu\u2019\u00e0 la fin de ses obligations. Sachant que ce rapport a \u00e9t\u00e9 publi\u00e9 en avril 2012 et reposait sur le d\u00e9cret n \u00b0 8 de 2011 du 18 f\u00e9vrier 2011 car les normes adopt\u00e9es par certaines organisations internationales et \u00e0 l\u2019\u00e9tranger en g\u00e9n\u00e9ral ne s\u2019appliquent pas n\u00e9cessairement \u00e0 tous les pays et \u00e0 toutes les r\u00e9volutions, car chaque r\u00e9volution a ses propres caract\u00e9ristiques et chaque pays a ses propres conditions et mesures.<\/p>\n<div class=\"swp_social_panel swp_horizontal_panel swp_flat_fresh swp_default_full_color swp_individual_full_color swp_other_full_color scale-100 scale-\" data-min-width=\"1100\" data-float-color=\"#ffffff\" data-float=\"bottom\" data-float-mobile=\"bottom\" data-transition=\"slide\">\n<div class=\"nc_tweetContainer swp_share_button total_shares total_sharesalt\"><span class=\"swp_count\">0 <span class=\"swp_label\">Partages<\/span><\/span><\/div>\n<\/div>\n<p><strong>Que se passe-t-il en Tunisie?<\/strong><br \/>Nous expliquons sur notre <a href=\"https:\/\/www.youtube.com\/channel\/UCRzypVq0B_yBad5eGrwBx0Q?sub_confirmation=1\" target=\"_blank\" rel=\"noopener\">cha\u00eene YouTube<\/a> . <a href=\"https:\/\/www.youtube.com\/channel\/UCRzypVq0B_yBad5eGrwBx0Q?sub_confirmation=1\" target=\"_blank\" rel=\"noopener\">Abonnez-vous!<\/a><\/p>\n<div class=\"mvp-org-wrap mvp-org-logo\" itemprop=\"publisher\"><img decoding=\"async\" src=\"https:\/\/www.tunisienumerique.com\/wp-content\/uploads\/2017\/02\/logo_tunisie_numerique.png\"\/><\/div>\n<div class=\"mvp-related-posts left relative\">\n<h4 class=\"post-header\"><span class=\"post-header\">Lire aussi<\/span><\/h4>\n<\/div>\n<div id=\"article-ad\"><ins class=\"adsbygoogle c5\" data-ad-client=\"ca-pub-2102118777505746\" data-ad-slot=\"6513972734\" data-ad-format=\"auto\" data-full-width-responsive=\"true\"\/> <\/div>\n<\/div>\n<div id=\"post-sidebar-wrap\"><ins class=\"adsbygoogle c5\" data-ad-client=\"ca-pub-2102118777505746\" data-ad-slot=\"6168283410\" data-ad-format=\"auto\" data-full-width-responsive=\"true\"\/> <\/div>\n<p>Auteur: rania ben slimane<br \/>\n<a href=\"https:\/\/www.tunisienumerique.com\/tunisie-dialogue-national-kais-saied-recoit-a-nouveau-noureddine-taboubi-au-palais-de-carthage\/\">Cliquez ici pour lire l&rsquo;article depuis sa source.<\/a><\/p>\n","protected":false},"excerpt":{"rendered":"<p>Par rania ben slimane \u00a0| Il y a 11 secondes \ud83d\udd0a \u00c9coutez l&rsquo;article La pr\u00e9sidence de la R\u00e9publique a annonc\u00e9, dans un communiqu\u00e9 rendu public le 06 janvier 2021, que le pr\u00e9sident de la R\u00e9publique, Kais Sa\u00efd, s\u2019est r\u00e9uni ce soir, au palais de Carthage, avec le secr\u00e9taire g\u00e9n\u00e9ral de l\u2019Union g\u00e9n\u00e9rale Tunisienne du Travail, [&hellip;]<\/p>\n","protected":false},"author":1789,"featured_media":0,"comment_status":"closed","ping_status":"closed","sticky":false,"template":"","format":"standard","meta":{"fifu_image_url":"https:\/\/secure.gravatar.com\/avatar\/ea481d7287ad38ca1787f44b5bb1b70e?s=50&d=mm&r=g","fifu_image_alt":"Tunisie-dialogue national: Kais Saied re\u00e7oit \u00e0 nouveau Noureddine Taboubi au palais de Carthage","footnotes":""},"categories":[73,55],"tags":[],"class_list":["post-108830","post","type-post","status-publish","format-standard","hentry","category-actualite","category-tunisie"],"_links":{"self":[{"href":"https:\/\/linitiative.ca\/International\/wp-json\/wp\/v2\/posts\/108830","targetHints":{"allow":["GET"]}}],"collection":[{"href":"https:\/\/linitiative.ca\/International\/wp-json\/wp\/v2\/posts"}],"about":[{"href":"https:\/\/linitiative.ca\/International\/wp-json\/wp\/v2\/types\/post"}],"author":[{"embeddable":true,"href":"https:\/\/linitiative.ca\/International\/wp-json\/wp\/v2\/users\/1789"}],"replies":[{"embeddable":true,"href":"https:\/\/linitiative.ca\/International\/wp-json\/wp\/v2\/comments?post=108830"}],"version-history":[{"count":0,"href":"https:\/\/linitiative.ca\/International\/wp-json\/wp\/v2\/posts\/108830\/revisions"}],"wp:attachment":[{"href":"https:\/\/linitiative.ca\/International\/wp-json\/wp\/v2\/media?parent=108830"}],"wp:term":[{"taxonomy":"category","embeddable":true,"href":"https:\/\/linitiative.ca\/International\/wp-json\/wp\/v2\/categories?post=108830"},{"taxonomy":"post_tag","embeddable":true,"href":"https:\/\/linitiative.ca\/International\/wp-json\/wp\/v2\/tags?post=108830"}],"curies":[{"name":"wp","href":"https:\/\/api.w.org\/{rel}","templated":true}]}}