{"id":108832,"date":"2021-01-06T17:19:08","date_gmt":"2021-01-06T22:19:08","guid":{"rendered":"https:\/\/linitiative.ca\/International\/arp-abir-moussi-je-ne-vais-pas-me-taire\/"},"modified":"2021-01-06T17:19:08","modified_gmt":"2021-01-06T22:19:08","slug":"arp-abir-moussi-je-ne-vais-pas-me-taire","status":"publish","type":"post","link":"https:\/\/linitiative.ca\/International\/arp-abir-moussi-je-ne-vais-pas-me-taire\/","title":{"rendered":"ARP-Abir Moussi :\u201dJe ne vais pas me taire!\u201d"},"content":{"rendered":"<div class=\"post-cont-in left relative\">\n<div id=\"post-info-wrap\" class=\"left relative post-info-out\">\n<div class=\"post-info-img left relative\"><img loading=\"lazy\" decoding=\"async\" alt=\"\" src=\"https:\/\/secure.gravatar.com\/avatar\/ea481d7287ad38ca1787f44b5bb1b70e?s=50&amp;d=mm&amp;r=g\" srcset=\"https:\/\/secure.gravatar.com\/avatar\/ea481d7287ad38ca1787f44b5bb1b70e?s=100&amp;d=mm&amp;r=g 2x\" class=\"avatar avatar-50 photo\" height=\"50\" width=\"50\"\/><\/div>\n<div class=\"post-info-in\">\n<div class=\"post-info-right left relative post-info-name left relative\"><span><span class=\"post-info-text\">Par<\/span> <span class=\"author-name vcard fn author\"><a href=\"https:\/\/www.tunisienumerique.com\/author\/rania-ben-slimane\/\" title=\"Articles par rania ben slimane\" rel=\"author\">rania ben slimane<\/a><\/span><\/span> <span class=\"post-date updated\"><time class=\"post-date updated\" datetime=\"2021-01-06\">\u00a0| Il y a 29 secondes<\/time><\/span><\/div>\n<div class=\"left relative\"><button id=\"listenButton1\" class=\"responsivevoice-button\" type=\"button\" value=\"Play\" title=\"&#xC9;coutez l'article\"><span>\ud83d\udd0a \u00c9coutez l&rsquo;article<\/span><\/button> <\/div>\n<\/div>\n<\/div>\n<p>Lors d\u2019une session tenue le 06 janvier 2021 au bureau du parlement, la Chef du PDL, Abir Moussi s\u2019est adress\u00e9e au Pr\u00e9sident de l\u2019ARP, par ailleurs Chef du Mouvement d\u2019Ennahdha ainsi qu\u2019\u00e0 ses d\u00e9put\u00e9s.<\/p>\n<div class=\"code-block code-block-1 c4\"><ins class=\"adsbygoogle c3\" data-ad-layout=\"in-article\" data-ad-format=\"fluid\" data-ad-client=\"ca-pub-2102118777505746\" data-ad-slot=\"7301775417\"\/> <\/div>\n<p>Moussi a diffus\u00e9 en direct sur sa page son intervention, au cours de laquelle elle d\u00e9nonc\u00e9 la violence perp\u00e9tr\u00e9e sous le d\u00f4me du Parlement \u00e0 son encontre et \u00e0 l\u2019encontre des d\u00e9putes de son parti, \u00e9num\u00e9rant les \u00e9pisodes de violence \u00e0 commencer par le sermon collectif, qu\u2019elle qualifie d\u2019inconstitutionnel jusqu\u2019\u00e0 l\u2019interruption de leur sit-in \u00e0 l\u2019ARP par la force, en fournissant des badges d\u2019acc\u00e8s \u00e0 des inconnus pour interrompre leur sit-in et les attaquer.<\/p>\n<p>En effet, Moussi a pr\u00e9cis\u00e9 que leur sit-in marque leur passage en force, accusant les d\u00e9put\u00e9s d\u2019Ennahdha de violence et de d\u00e9nigrement \u00e0 l\u2019encontre des d\u00e9put\u00e9s de son parti ainsi que du non-respect de la constitution.<\/p>\n<p>En outre, elle a tenu ledit mouvement responsable des assassinats politiques de Chokri Belaid et Mohamed Brahmi, estimant qu\u2019il est \u00e0 l\u2019origine des violences au sein du pays et rappelant leur historique meurtrier dans les ann\u00e9es 80.<\/p>\n<p>\u00ab\u00a0Vous \u00eates rentr\u00e9s en Tunisie pour manipuler les gens \u2026 les tunisiens vous connaissent tr\u00e8s bien\u2026 l\u2019\u00e9pisode de l\u2019acide chlorhydrique \u00e0 Bab Souika ou encore les bombardements \u00e0 Sousse et au Monastir.. Criminels que vous \u00eates\u00a0!\u00a0\u00bb, a-t-elle martel\u00e9<\/p>\n<p>De leur c\u00f4t\u00e9, le Cheikh Rached Ghannouchi et les d\u00e9put\u00e9s de son parti ont \u00e9t\u00e9 outrag\u00e9 par ses propos et ont fini par quitter le bureau et la session a \u00e9t\u00e9 ajourn\u00e9e.<\/p>\n<p>C\u2019est ainsi que Moussi a comment\u00e9 la vid\u00e9o : \u00ab D\u00e8s que je mets le doigt sur les maux et que j\u2019appelle les choses telles qu\u2019elles sont, ils se r\u00e9voltent, perdent la raison et cherchent tous les moyens de me faire taire\u00bb. Ajoutant le mot cl\u00e9 \u00abJe ne vais pas me taire \u00bb.<\/p>\n<p><img loading=\"lazy\" decoding=\"async\" class=\"size-full wp-image-609573 aligncenter\" src=\"https:\/\/www.tunisienumerique.com\/wp-content\/uploads\/2021\/01\/Abir-moussi.jpg\" alt=\"\" width=\"437\" height=\"490\"\/><\/p>\n<div class=\"swp_social_panel swp_horizontal_panel swp_flat_fresh swp_default_full_color swp_individual_full_color swp_other_full_color scale-100 scale-\" data-min-width=\"1100\" data-float-color=\"#ffffff\" data-float=\"bottom\" data-float-mobile=\"bottom\" data-transition=\"slide\">\n<div class=\"nc_tweetContainer swp_share_button total_shares total_sharesalt\"><span class=\"swp_count\">0 <span class=\"swp_label\">Partages<\/span><\/span><\/div>\n<\/div>\n<p><strong>Que se passe-t-il en Tunisie?<\/strong><br \/>Nous expliquons sur notre <a href=\"https:\/\/www.youtube.com\/channel\/UCRzypVq0B_yBad5eGrwBx0Q?sub_confirmation=1\" target=\"_blank\" rel=\"noopener\">cha\u00eene YouTube<\/a> . <a href=\"https:\/\/www.youtube.com\/channel\/UCRzypVq0B_yBad5eGrwBx0Q?sub_confirmation=1\" target=\"_blank\" rel=\"noopener\">Abonnez-vous!<\/a><\/p>\n<div class=\"mvp-org-wrap mvp-org-logo\" itemprop=\"publisher\"><img decoding=\"async\" src=\"https:\/\/www.tunisienumerique.com\/wp-content\/uploads\/2017\/02\/logo_tunisie_numerique.png\"\/><\/div>\n<div class=\"mvp-related-posts left relative\">\n<h4 class=\"post-header\"><span class=\"post-header\">Lire aussi<\/span><\/h4>\n<\/div>\n<div id=\"article-ad\"><ins class=\"adsbygoogle c5\" data-ad-client=\"ca-pub-2102118777505746\" data-ad-slot=\"6513972734\" data-ad-format=\"auto\" data-full-width-responsive=\"true\"\/> <\/div>\n<\/div>\n<div id=\"post-sidebar-wrap\"><ins class=\"adsbygoogle c5\" data-ad-client=\"ca-pub-2102118777505746\" data-ad-slot=\"6168283410\" data-ad-format=\"auto\" data-full-width-responsive=\"true\"\/> <\/div>\n<p>Auteur: rania ben slimane<br \/>\n<a href=\"https:\/\/www.tunisienumerique.com\/arp-abir-moussi-je-ne-vais-pas-me-taire\/\">Cliquez ici pour lire l&rsquo;article depuis sa source.<\/a><\/p>\n","protected":false},"excerpt":{"rendered":"<p>Par rania ben slimane \u00a0| Il y a 29 secondes \ud83d\udd0a \u00c9coutez l&rsquo;article Lors d\u2019une session tenue le 06 janvier 2021 au bureau du parlement, la Chef du PDL, Abir Moussi s\u2019est adress\u00e9e au Pr\u00e9sident de l\u2019ARP, par ailleurs Chef du Mouvement d\u2019Ennahdha ainsi qu\u2019\u00e0 ses d\u00e9put\u00e9s. Moussi a diffus\u00e9 en direct sur sa page [&hellip;]<\/p>\n","protected":false},"author":1789,"featured_media":0,"comment_status":"closed","ping_status":"closed","sticky":false,"template":"","format":"standard","meta":{"fifu_image_url":"https:\/\/secure.gravatar.com\/avatar\/ea481d7287ad38ca1787f44b5bb1b70e?s=50&d=mm&r=g","fifu_image_alt":"ARP-Abir Moussi :\u201dJe ne vais pas me taire!\u201d","footnotes":""},"categories":[73,55],"tags":[],"class_list":["post-108832","post","type-post","status-publish","format-standard","hentry","category-actualite","category-tunisie"],"_links":{"self":[{"href":"https:\/\/linitiative.ca\/International\/wp-json\/wp\/v2\/posts\/108832","targetHints":{"allow":["GET"]}}],"collection":[{"href":"https:\/\/linitiative.ca\/International\/wp-json\/wp\/v2\/posts"}],"about":[{"href":"https:\/\/linitiative.ca\/International\/wp-json\/wp\/v2\/types\/post"}],"author":[{"embeddable":true,"href":"https:\/\/linitiative.ca\/International\/wp-json\/wp\/v2\/users\/1789"}],"replies":[{"embeddable":true,"href":"https:\/\/linitiative.ca\/International\/wp-json\/wp\/v2\/comments?post=108832"}],"version-history":[{"count":0,"href":"https:\/\/linitiative.ca\/International\/wp-json\/wp\/v2\/posts\/108832\/revisions"}],"wp:attachment":[{"href":"https:\/\/linitiative.ca\/International\/wp-json\/wp\/v2\/media?parent=108832"}],"wp:term":[{"taxonomy":"category","embeddable":true,"href":"https:\/\/linitiative.ca\/International\/wp-json\/wp\/v2\/categories?post=108832"},{"taxonomy":"post_tag","embeddable":true,"href":"https:\/\/linitiative.ca\/International\/wp-json\/wp\/v2\/tags?post=108832"}],"curies":[{"name":"wp","href":"https:\/\/api.w.org\/{rel}","templated":true}]}}