{"id":108834,"date":"2021-01-06T14:18:07","date_gmt":"2021-01-06T19:18:07","guid":{"rendered":"https:\/\/linitiative.ca\/International\/covid-19-la-cote-divoire-prevoit-une-campagne-de-vaccination-mi-fevrier\/"},"modified":"2021-01-06T14:18:07","modified_gmt":"2021-01-06T19:18:07","slug":"covid-19-la-cote-divoire-prevoit-une-campagne-de-vaccination-mi-fevrier","status":"publish","type":"post","link":"https:\/\/linitiative.ca\/International\/covid-19-la-cote-divoire-prevoit-une-campagne-de-vaccination-mi-fevrier\/","title":{"rendered":"Covid-19: la C\u00f4te d\u2019Ivoire pr\u00e9voit une campagne de vaccination mi-f\u00e9vrier"},"content":{"rendered":"<div readability=\"32\">\n<p>Publi\u00e9 le 06.01.2021 \u00e0 20h18 par APA News<\/p>\n<\/div>\n<div readability=\"100\">\n<p>Le gouvernement ivoirien envisage une campagne de vaccination contre la Covid-19 d\u00e8s le 15 f\u00e9vrier 2021 avec 200 000 doses et visant notamment une cible de 100 000 personnes vuln\u00e9rables, a indiqu\u00e9 mercredi son porte-parole, Sidi Tour\u00e9, apr\u00e8s un Conseil des ministres.<\/p>\n<p>\u00ab\u00a0Le Conseil a instruit le ministre de la Sant\u00e9, de l\u2019Hygi\u00e8ne publique ainsi que l\u2019ensemble des ministres concern\u00e9s \u00e0 l\u2019effet de prendre toutes les mesures idoines en vue d\u2019acqu\u00e9rir dans un premier temps 200\u00a0000 doses de vaccins\u00a0\u00bb, a dit M. Sidi Tour\u00e9.<\/p>\n<p>Le porte-parole du gouvernement ivoirien, Sidi Tour\u00e9, a soulign\u00e9 que cette op\u00e9ration vise \u00ab\u00a0une population cible estim\u00e9e \u00e0 100 000 personnes vuln\u00e9rables ou expos\u00e9es afin de d\u00e9marrer la campagne de vaccination d\u00e8s le 15 f\u00e9vrier 2021\u00a0\u00bb. \u00a0<\/p>\n<p>Dans l\u2019optique de renforcer la lutte contre la pand\u00e9mie de la Covid-19, la C\u00f4te d\u2019Ivoire a adh\u00e9r\u00e9 au m\u00e9canisme de financement Covax de Gavi afin d\u2019acc\u00e9l\u00e9rer la production et de r\u00e9server des vaccins contre la Covid-19<\/p>\n<p>Le pays a, en outre, mis en place une strat\u00e9gie devant permettre \u00e0 toutes les franges de la population d\u2019avoir acc\u00e8s \u00e0 des masques de protection de qualit\u00e9, notamment des masques lavables certifi\u00e9s qui devraient \u00eatre d\u00e9ploy\u00e9s dans les officines de pharmacie.<\/p>\n<p>Les populations pourront avoir acc\u00e8s \u00e0 ces masques avec \u00ab\u00a0une contribution de 1.000 Fcfa pour un paquet de trois masques par mois et par personnes\u00a0\u00bb, a fait savoir le porte-parole du gouvernement, Sidi Tour\u00e9.<\/p>\n<p>Depuis trois mois, la C\u00f4te d\u2019Ivoire enregistre un taux de positivit\u00e9 de Covid-19 inf\u00e9rieur \u00e0 5% qui est le seuil en dessous duquel il est permis de d\u00e9clarer que l\u2019\u00e9pid\u00e9mie est sous contr\u00f4le. Cependant, ces derni\u00e8res semaines, le pays conna\u00eet une augmentation du nombre de cas de la maladie.<\/p>\n<p>Le minist\u00e8re de la Sant\u00e9 a enregistr\u00e9 du 29 d\u00e9cembre 2020 au 4 janvier 2021, 624 nouveaux cas positifs avec un taux moyen de positivit\u00e9 de 6,3%, au-dessus de 5%. Et durant cette p\u00e9riode, \u00ab\u00a0nous avons d\u00e9plor\u00e9 5 d\u00e9c\u00e8s\u00a0\u00bb, a relev\u00e9 M. Sidi.<\/p>\n<p>Cette tendance \u00e0 l\u2019augmentation du nombre de cas observ\u00e9s ces derniers jours seraient li\u00e9s notamment \u00e0 l\u2019arriv\u00e9e de vacanciers venant d\u2019Europe, aux rassemblements des f\u00eates de fin d\u2019ann\u00e9e et au non-respect du port de masque et des autres mesures barri\u00e8res, a-t-il poursuivi.<\/p>\n<p>La C\u00f4te d\u2019Ivoire, \u00a0\u00e0 la date du 5 janvier 2021, comptait 22 855 cas confirm\u00e9s de Covid-19 et 138 d\u00e9c\u00e8s, soit 0,6%. Le nombre total de gu\u00e9ris s\u2019est \u00e9tabli \u00e0 22 153, soit 97% du taux de gu\u00e9rison, tandis que le nombre de cas actifs a atteint 564.<\/p>\n<\/div>\n<p>Auteur: APA News<br \/>\n<a href=\"https:\/\/www.journalducameroun.com\/covid-19-la-cote-divoire-prevoit-une-campagne-de-vaccination-mi-fevrier\/\">Cliquez ici pour lire l&rsquo;article depuis sa source.<\/a><\/p>\n","protected":false},"excerpt":{"rendered":"<p>Publi\u00e9 le 06.01.2021 \u00e0 20h18 par APA News Le gouvernement ivoirien envisage une campagne de vaccination contre la Covid-19 d\u00e8s le 15 f\u00e9vrier 2021 avec 200 000 doses et visant notamment une cible de 100 000 personnes vuln\u00e9rables, a indiqu\u00e9 mercredi son porte-parole, Sidi Tour\u00e9, apr\u00e8s un Conseil des ministres. \u00ab\u00a0Le Conseil a instruit le [&hellip;]<\/p>\n","protected":false},"author":1965,"featured_media":0,"comment_status":"closed","ping_status":"closed","sticky":false,"template":"","format":"standard","meta":{"fifu_image_url":"","fifu_image_alt":"","footnotes":""},"categories":[73,82],"tags":[],"class_list":["post-108834","post","type-post","status-publish","format-standard","hentry","category-actualite","category-cameroun"],"_links":{"self":[{"href":"https:\/\/linitiative.ca\/International\/wp-json\/wp\/v2\/posts\/108834","targetHints":{"allow":["GET"]}}],"collection":[{"href":"https:\/\/linitiative.ca\/International\/wp-json\/wp\/v2\/posts"}],"about":[{"href":"https:\/\/linitiative.ca\/International\/wp-json\/wp\/v2\/types\/post"}],"author":[{"embeddable":true,"href":"https:\/\/linitiative.ca\/International\/wp-json\/wp\/v2\/users\/1965"}],"replies":[{"embeddable":true,"href":"https:\/\/linitiative.ca\/International\/wp-json\/wp\/v2\/comments?post=108834"}],"version-history":[{"count":0,"href":"https:\/\/linitiative.ca\/International\/wp-json\/wp\/v2\/posts\/108834\/revisions"}],"wp:attachment":[{"href":"https:\/\/linitiative.ca\/International\/wp-json\/wp\/v2\/media?parent=108834"}],"wp:term":[{"taxonomy":"category","embeddable":true,"href":"https:\/\/linitiative.ca\/International\/wp-json\/wp\/v2\/categories?post=108834"},{"taxonomy":"post_tag","embeddable":true,"href":"https:\/\/linitiative.ca\/International\/wp-json\/wp\/v2\/tags?post=108834"}],"curies":[{"name":"wp","href":"https:\/\/api.w.org\/{rel}","templated":true}]}}