{"id":108836,"date":"2021-01-06T15:18:03","date_gmt":"2021-01-06T20:18:03","guid":{"rendered":"https:\/\/linitiative.ca\/International\/cote-divoire-le-conseil-des-ministres-desormais-bimensuel\/"},"modified":"2021-01-06T15:18:03","modified_gmt":"2021-01-06T20:18:03","slug":"cote-divoire-le-conseil-des-ministres-desormais-bimensuel","status":"publish","type":"post","link":"https:\/\/linitiative.ca\/International\/cote-divoire-le-conseil-des-ministres-desormais-bimensuel\/","title":{"rendered":"C\u00f4te d\u2019Ivoire: le Conseil des ministres d\u00e9sormais  bimensuel"},"content":{"rendered":"<div readability=\"32\">\n<p>Publi\u00e9 le 06.01.2021 \u00e0 21h18 par APA News<\/p>\n<\/div>\n<div readability=\"79\">\n<p>Le Conseil des ministres en C\u00f4te d\u2019Ivoire se tiendra d\u00e9sormais de fa\u00e7on bimensuelle, a annonc\u00e9 mercredi le porte-parole du gouvernement ivoirien, Sidi Tour\u00e9, \u00e0 l\u2019issue d\u2019un Conseil des ministres.<\/p>\n<p>Ce \u00ab\u00a0r\u00e9am\u00e9nagement du travail gouvernemental\u00a0\u00bb, d\u2019ailleurs sollicit\u00e9 par le Premier ministre, Hamed Bakayoko, a \u00e9t\u00e9 \u00ab\u00a0agr\u00e9\u00e9 par le pr\u00e9sident de la R\u00e9publique\u00a0\u00bb, a pr\u00e9cis\u00e9 M. Sidi Tour\u00e9, lors d\u2019un point de presse \u00e0 la pr\u00e9sidence.<\/p>\n<p>\u00ab\u00a0Ainsi, d\u00e9sormais, le Conseil des ministres se r\u00e9alisera de fa\u00e7on bimensuelle\u00bb, a d\u00e9clar\u00e9 M. Sidi Tour\u00e9, annon\u00e7ant le prochain Conseil des ministres pour le 20 janvier 2021 et le suivant le 3 f\u00e9vrier 2021. Jusque-l\u00e0, ce Conseil des ministres se tenait de fa\u00e7on hebdomadaire. \u00a0<\/p>\n<p>Pour \u00ab\u00a0gagner davantage en rigueur et en efficacit\u00e9\u00a0\u00bb, M. Hamed Bakayoko, a expliqu\u00e9 que le gouvernement veut \u00ab\u00a0travailler \u00e0 r\u00e9duire les d\u00e9lais de traitement des dossiers, en particulier les passations des march\u00e9s, les d\u00e9lais d\u2019ordonnancement et de paiement\u00a0\u00bb.<\/p>\n<p>\u00ab\u00a0Nous devons tout mettre en \u0153uvre pour lever tous les blocages administratifs au d\u00e9nouement des dossiers (..) Notre r\u00e9ponse aux pr\u00e9occupations de nos compatriotes doit \u00eatre rapide, claire, efficace et concr\u00e8te\u00a0\u00bb, a-t-il lanc\u00e9 \u00e0 l\u2019endroit des ministres.<\/p>\n<p>A cet \u00e9gard, le Premier ministre a sugg\u00e9r\u00e9 \u00ab\u00a0la tenue chaque quinzaine d\u2019un Conseil de gouvernement consacr\u00e9 au suivi des dossiers importants en instance, je voudrais dire en souffrance \u00bb, a-t-il dit, ajoutant que \u00ab\u00a0les travaux de ce Conseil seront pr\u00e9sent\u00e9s en Conseil des ministres pour d\u00e9cision\u00a0\u00bb.<\/p>\n<\/div>\n<p>Auteur: APA News<br \/>\n<a href=\"https:\/\/www.journalducameroun.com\/cote-divoire-le-conseil-des-ministres-desormais-bimensuel\/\">Cliquez ici pour lire l&rsquo;article depuis sa source.<\/a><\/p>\n","protected":false},"excerpt":{"rendered":"<p>Publi\u00e9 le 06.01.2021 \u00e0 21h18 par APA News Le Conseil des ministres en C\u00f4te d\u2019Ivoire se tiendra d\u00e9sormais de fa\u00e7on bimensuelle, a annonc\u00e9 mercredi le porte-parole du gouvernement ivoirien, Sidi Tour\u00e9, \u00e0 l\u2019issue d\u2019un Conseil des ministres. Ce \u00ab\u00a0r\u00e9am\u00e9nagement du travail gouvernemental\u00a0\u00bb, d\u2019ailleurs sollicit\u00e9 par le Premier ministre, Hamed Bakayoko, a \u00e9t\u00e9 \u00ab\u00a0agr\u00e9\u00e9 par le [&hellip;]<\/p>\n","protected":false},"author":1965,"featured_media":0,"comment_status":"closed","ping_status":"closed","sticky":false,"template":"","format":"standard","meta":{"fifu_image_url":"","fifu_image_alt":"","footnotes":""},"categories":[73,82],"tags":[],"class_list":["post-108836","post","type-post","status-publish","format-standard","hentry","category-actualite","category-cameroun"],"_links":{"self":[{"href":"https:\/\/linitiative.ca\/International\/wp-json\/wp\/v2\/posts\/108836","targetHints":{"allow":["GET"]}}],"collection":[{"href":"https:\/\/linitiative.ca\/International\/wp-json\/wp\/v2\/posts"}],"about":[{"href":"https:\/\/linitiative.ca\/International\/wp-json\/wp\/v2\/types\/post"}],"author":[{"embeddable":true,"href":"https:\/\/linitiative.ca\/International\/wp-json\/wp\/v2\/users\/1965"}],"replies":[{"embeddable":true,"href":"https:\/\/linitiative.ca\/International\/wp-json\/wp\/v2\/comments?post=108836"}],"version-history":[{"count":0,"href":"https:\/\/linitiative.ca\/International\/wp-json\/wp\/v2\/posts\/108836\/revisions"}],"wp:attachment":[{"href":"https:\/\/linitiative.ca\/International\/wp-json\/wp\/v2\/media?parent=108836"}],"wp:term":[{"taxonomy":"category","embeddable":true,"href":"https:\/\/linitiative.ca\/International\/wp-json\/wp\/v2\/categories?post=108836"},{"taxonomy":"post_tag","embeddable":true,"href":"https:\/\/linitiative.ca\/International\/wp-json\/wp\/v2\/tags?post=108836"}],"curies":[{"name":"wp","href":"https:\/\/api.w.org\/{rel}","templated":true}]}}