{"id":108837,"date":"2021-01-06T17:18:01","date_gmt":"2021-01-06T22:18:01","guid":{"rendered":"https:\/\/linitiative.ca\/International\/ligue-des-champions-dafrique-le-wydad-de-casablanca-bat-le-stade-malien-et-se-qualifie-a-la-phase-de-poules\/"},"modified":"2021-01-06T17:18:01","modified_gmt":"2021-01-06T22:18:01","slug":"ligue-des-champions-dafrique-le-wydad-de-casablanca-bat-le-stade-malien-et-se-qualifie-a-la-phase-de-poules","status":"publish","type":"post","link":"https:\/\/linitiative.ca\/International\/ligue-des-champions-dafrique-le-wydad-de-casablanca-bat-le-stade-malien-et-se-qualifie-a-la-phase-de-poules\/","title":{"rendered":"Ligue des champions d\u2019Afrique : Le Wydad de Casablanca bat le Stade malien et se qualifie \u00e0 la phase de poules"},"content":{"rendered":"<div readability=\"32\">\n<p>Publi\u00e9 le 06.01.2021 \u00e0 23h18 par APA News<\/p>\n<\/div>\n<div readability=\"62\">\n<p>Le Wydad de Casablanca a battu, mercredi \u00e0 domicile, le Stade Malien (3-0) et s\u2019est qualifi\u00e9 ainsi pour la phase de poules de la Ligue des Champions d\u2019Afrique de football.D\u00e9termin\u00e9s \u00e0 prendre leur revanche apr\u00e8s la d\u00e9faite en match aller (0-1), les Casablancais ont cr\u00e9\u00e9 une multitude d\u2019occasions qui n\u2019ont pas \u00e9t\u00e9 concr\u00e9tis\u00e9s par manque de concentration et pr\u00e9cipitation devant les cages maliennes. L\u2019\u00e9quipe a d\u00fb attendre jusqu\u2019\u00e0 la 43\u00e8me minute pour que l\u2019attaquant Ayoub Kaabi inscrit le le premier but sur un centre magistral de Yahya Attiat Allah.<\/p>\n<p>De retour des vestiaires, les Wydadis, toujours avec le m\u00eame \u00e9lan de la premi\u00e8re p\u00e9riode, ont rapidement traduit leur dominance en doublant la marque par le biais du Libyen Mouaid Ellafi (48\u00e8), qui a enfonc\u00e9 le clou en rajoutant son deuxi\u00e8me but (64\u00e8) et le troisi\u00e8me du WAC.<\/p>\n<p>Suite \u00e0 cette victoire, le Wydad se qualifie pour la phase de groupes de la Ligue des champions de la CAF apr\u00e8s les r\u00e9sultats des deux matchs, 0 \u00e0 1 en match aller et 3 \u00e0 0 lors du match retour.<\/p>\n<p>Le tirage au sort de la phase de groupes de la Ligue des Champions de la CAF et du deuxi\u00e8me tour pr\u00e9liminaire additionnel de la Coupe de la Conf\u00e9d\u00e9ration de la CAF aura lieu ce vendredi au Caire.<\/p>\n<p>Les vainqueurs \u00e0 l\u2019issue des deux manches du 2e tour pr\u00e9liminaire de la Ligue des Champions prendront part au tirage d\u00e9terminant la composition des groupes.<\/p>\n<p>Concernant le tirage du deuxi\u00e8me tour pr\u00e9liminaire additionnel de la Coupe de la Conf\u00e9d\u00e9ration, il s\u2019effectuera avec les vainqueurs du deuxi\u00e8me tour pr\u00e9liminaire de la Coupe de la Conf\u00e9d\u00e9ration et les malheureux perdants du deuxi\u00e8me tour pr\u00e9liminaire de la Ligue des Champions.<\/p>\n<\/div>\n<p>Auteur: APA News<br \/>\n<a href=\"https:\/\/www.journalducameroun.com\/ligue-des-champions-dafrique-le-wydad-de-casablanca-bat-le-stade-malien-et-se-qualifie-a-la-phase-de-poules\/\">Cliquez ici pour lire l&rsquo;article depuis sa source.<\/a><\/p>\n","protected":false},"excerpt":{"rendered":"<p>Publi\u00e9 le 06.01.2021 \u00e0 23h18 par APA News Le Wydad de Casablanca a battu, mercredi \u00e0 domicile, le Stade Malien (3-0) et s\u2019est qualifi\u00e9 ainsi pour la phase de poules de la Ligue des Champions d\u2019Afrique de football.D\u00e9termin\u00e9s \u00e0 prendre leur revanche apr\u00e8s la d\u00e9faite en match aller (0-1), les Casablancais ont cr\u00e9\u00e9 une multitude [&hellip;]<\/p>\n","protected":false},"author":1965,"featured_media":0,"comment_status":"closed","ping_status":"closed","sticky":false,"template":"","format":"standard","meta":{"fifu_image_url":"","fifu_image_alt":"","footnotes":""},"categories":[73,82],"tags":[],"class_list":["post-108837","post","type-post","status-publish","format-standard","hentry","category-actualite","category-cameroun"],"_links":{"self":[{"href":"https:\/\/linitiative.ca\/International\/wp-json\/wp\/v2\/posts\/108837","targetHints":{"allow":["GET"]}}],"collection":[{"href":"https:\/\/linitiative.ca\/International\/wp-json\/wp\/v2\/posts"}],"about":[{"href":"https:\/\/linitiative.ca\/International\/wp-json\/wp\/v2\/types\/post"}],"author":[{"embeddable":true,"href":"https:\/\/linitiative.ca\/International\/wp-json\/wp\/v2\/users\/1965"}],"replies":[{"embeddable":true,"href":"https:\/\/linitiative.ca\/International\/wp-json\/wp\/v2\/comments?post=108837"}],"version-history":[{"count":0,"href":"https:\/\/linitiative.ca\/International\/wp-json\/wp\/v2\/posts\/108837\/revisions"}],"wp:attachment":[{"href":"https:\/\/linitiative.ca\/International\/wp-json\/wp\/v2\/media?parent=108837"}],"wp:term":[{"taxonomy":"category","embeddable":true,"href":"https:\/\/linitiative.ca\/International\/wp-json\/wp\/v2\/categories?post=108837"},{"taxonomy":"post_tag","embeddable":true,"href":"https:\/\/linitiative.ca\/International\/wp-json\/wp\/v2\/tags?post=108837"}],"curies":[{"name":"wp","href":"https:\/\/api.w.org\/{rel}","templated":true}]}}