{"id":108851,"date":"2021-01-07T09:55:11","date_gmt":"2021-01-07T14:55:11","guid":{"rendered":"https:\/\/linitiative.ca\/International\/le-design-industriel-element-majeur-dans-le-developpement-des-villes-de-demain\/"},"modified":"2021-01-07T09:55:11","modified_gmt":"2021-01-07T14:55:11","slug":"le-design-industriel-element-majeur-dans-le-developpement-des-villes-de-demain","status":"publish","type":"post","link":"https:\/\/linitiative.ca\/International\/le-design-industriel-element-majeur-dans-le-developpement-des-villes-de-demain\/","title":{"rendered":"Le design industriel, \u00e9l\u00e9ment majeur dans le d\u00e9veloppement des villes de demain"},"content":{"rendered":"<p class=\"c2\"><strong>Badr Ikken, directeur g\u00e9n\u00e9ral de l\u2019Institut de recherche en \u00e9nergie solaire et \u00e9nergies nouvelles<\/strong><\/p>\n<p><strong>Le design industriel constitue un \u00e9l\u00e9ment majeur dans le d\u00e9veloppement des villes de demain, a indiqu\u00e9, mercredi \u00e0 Rabat, le directeur g\u00e9n\u00e9ral de l\u2019Institut de recherche en \u00e9nergie solaire et \u00e9nergies nouvelles (IRESEN), Badr Ikken.<\/strong><\/p>\n<p>Intervenant lors de la c\u00e9r\u00e9monie de remise des prix du concours Ombri\u00e8re solaire, M. Ikken a fait savoir que ce concours, lanc\u00e9 conjointement par l\u2019IRESEN et l\u2019Agence marocaine de l\u2019efficacit\u00e9 \u00e9nerg\u00e9tique (AMEE), concerne la conception d\u2019une ombri\u00e8re solaire photovolta\u00efque destin\u00e9e \u00e0 la recharge des v\u00e9hicules \u00e9lectriques \u00e0 deux roues, avec un design amplement inspir\u00e9 de l\u2019h\u00e9ritage architectural marocain.<\/p>\n<p>Sur 57 candidatures re\u00e7ues, 3 uniquement ont \u00e9t\u00e9 retenues, a-t-il fait savoir, ajoutant que ces m\u00eames projets seront d\u00e9velopp\u00e9s avec les diff\u00e9rents partenaires industriels des deux institutions, dans l\u2019optique de contribuer au d\u00e9veloppement d\u2019une ville intelligente innovante.<\/p>\n<p>Il s\u2019agit \u00e9galement d\u2019assurer le d\u00e9ploiement de ces solutions technologiques au niveau de plusieurs communes et villes, en offrant plusieurs services performants aux usagers, en vue d\u2019accompagner le d\u00e9veloppement de la mobilit\u00e9 \u00e9lectrique au niveau du Royaume, a-t-il soutenu.<\/p>\n<p>Pour sa part, le directeur g\u00e9n\u00e9ral de l\u2019AMEE, Said Mouline, s\u2019est dit fier de cette opportunit\u00e9 li\u00e9e aux \u00e9nergies renouvelables et \u00e0 la mobilit\u00e9 \u00e9lectrique, \u00e0 m\u00eame de permettre aux jeunes marocains de mettre en avant leur cr\u00e9ativit\u00e9 tant sur le volet technique que sur le volet design.<\/p>\n<p>Il a, \u00e0 cet \u00e9gard, expliqu\u00e9 que la conception d\u2019un design d\u2019une ombri\u00e8re solaire photovolta\u00efque vise avant tout \u00e0 promouvoir l\u2019adoption des v\u00e9hicules \u00e9lectriques au Maroc, diminuer la consommation de carburant et d\u2019\u00e9mission des GES, inciter les utilisateurs \u00e0 la mobilit\u00e9 \u00e9lectrique, en plus de permettre le d\u00e9placement gr\u00e2ce \u00e0 une \u00e9nergie 100% gratuite.<\/p>\n<p>M. Mouline a \u00e9galement mis en avant l\u2019importance du concept de la mobilit\u00e9 \u00e9lectrique, soulignant dans ce sens, la n\u00e9cessit\u00e9 d\u2019amorcer son d\u00e9veloppement \u00e0 tous les niveaux, en l\u2019occurrence sur les volets cr\u00e9ation, industrie et d\u00e9ploiement sur le territoire.<\/p>\n<p>De son c\u00f4t\u00e9, le designer international Hicham Lahlou a relev\u00e9 que ces projets d\u2019ombri\u00e8re, port\u00e9s par deux institutions nationales importantes, vont \u00eatre accompagn\u00e9s pour pouvoir se d\u00e9velopper en mati\u00e8re d\u2019industrie et s\u2019int\u00e9grer pleinement dans le paysage urbain marocain.<\/p>\n<p>Il a, \u00e0 cet effet, relev\u00e9 l\u2019imp\u00e9ratif de d\u00e9velopper des projets similaires sur le plan continental, dans le cadre de la coop\u00e9ration Sud-Sud, pour mettre en avant une nouvelle g\u00e9n\u00e9ration de designers ainsi que des designers confirm\u00e9s du continent africain.<\/p>\n<p>Lahlou, qui n\u2019a pas manqu\u00e9 de souligner que le Design est consid\u00e9r\u00e9 aujourd\u2019hui comme un v\u00e9ritable levier de d\u00e9veloppement \u00e9conomique, a fait observer que cette occasion constitue \u00e9galement \u201cune sorte de prise de conscience\u201d quant \u00e0 la n\u00e9cessit\u00e9 d\u2019int\u00e9grer un cursus de formation d\u2019enseignement sup\u00e9rieur en design par les universit\u00e9s publiques et priv\u00e9es du Royaume, chose qui manque toujours \u00e0 l\u2019heure actuelle.<\/p>\n<p>Le jury du concours compos\u00e9 de repr\u00e9sentants de l\u2019AMEE, de l\u2019IRESEN, ainsi que deux architectes et un designer, a remis le premier prix d\u2019une valeur de 30.000 dirhams \u00e0 Salma Kattas, class\u00e9e en premi\u00e8re position. Anas Jaghnane El Idrissi et Salma Saoutarrih arrivent en deuxi\u00e8me position avec un prix de 20.000 dirhams, suivis de Sophia Rahmouni qui s\u2019est vue attribuer le troisi\u00e8me prix d\u2019une valeur de 10.000 dirhams.<\/p>\n<p>L\u2019IRESEN est un institut de recherche cr\u00e9\u00e9 en 2011 par le minist\u00e8re de l\u2019Energie, des mines et de l\u2019environnement et plusieurs acteurs cl\u00e9s du secteur \u00e9nerg\u00e9tique au Maroc pour accompagner la strat\u00e9gie \u00e9nerg\u00e9tique nationale en soutenant la R&amp;D appliqu\u00e9e et l\u2019innovation dans le domaine des technologies vertes.<\/p>\n<p>IRESEN a lanc\u00e9 14 appels \u00e0 projets et soutenu plus de 60 projets financ\u00e9s avec une enveloppe de plus de 400 millions de dirhams et mis en place plusieurs plateformes mutualis\u00e9es de recherche et d\u2019innovation.<\/p>\n<p>L\u2019AMEE, cr\u00e9\u00e9e de son c\u00f4t\u00e9 en 2016, a pour mission de contribuer \u00e0 la mise en \u0153uvre de la politique gouvernementale en mati\u00e8re d\u2019efficacit\u00e9 \u00e9nerg\u00e9tique. Elle dispose en outre d\u2019une plate-forme technologique sur son site de Marrakech qui abrite par ailleurs un laboratoire PV, un laboratoire thermique, un centre de formation sp\u00e9cialis\u00e9 dans l\u2019efficacit\u00e9 \u00e9nerg\u00e9tique.<\/p>\n<p>En mars 2020, l\u2019AMEE est pass\u00e9 sous la tutelle du minist\u00e8re de l\u2019Industrie, du commerce, de l\u2019\u00e9conomie verte et num\u00e9rique. Avec un \u00e9largissement de ses missions, elle devient une agence d\u00e9di\u00e9e \u00e0 l\u2019\u00e9conomie verte, avec un plan d\u2019action ax\u00e9 sur la d\u00e9carbonation des industries, la mobilit\u00e9 durable, la production propre, en plus de l\u2019efficacit\u00e9 \u00e9nerg\u00e9tique dans plusieurs secteurs.<\/p>\n<p>Auteur: M&rsquo;hammed rahal<br \/>\n<a href=\"http:\/\/albayane.press.ma\/le-design-industriel-element-majeur-dans-le-developpement-des-villes-de-demain.html\">Cliquez ici pour lire l&rsquo;article depuis sa source.<\/a><\/p>\n","protected":false},"excerpt":{"rendered":"<p>Badr Ikken, directeur g\u00e9n\u00e9ral de l\u2019Institut de recherche en \u00e9nergie solaire et \u00e9nergies nouvelles Le design industriel constitue un \u00e9l\u00e9ment majeur dans le d\u00e9veloppement des villes de demain, a indiqu\u00e9, mercredi \u00e0 Rabat, le directeur g\u00e9n\u00e9ral de l\u2019Institut de recherche en \u00e9nergie solaire et \u00e9nergies nouvelles (IRESEN), Badr Ikken. Intervenant lors de la c\u00e9r\u00e9monie de [&hellip;]<\/p>\n","protected":false},"author":1760,"featured_media":0,"comment_status":"closed","ping_status":"closed","sticky":false,"template":"","format":"standard","meta":{"fifu_image_url":"","fifu_image_alt":"","footnotes":""},"categories":[73,54],"tags":[],"class_list":["post-108851","post","type-post","status-publish","format-standard","hentry","category-actualite","category-maroc"],"_links":{"self":[{"href":"https:\/\/linitiative.ca\/International\/wp-json\/wp\/v2\/posts\/108851","targetHints":{"allow":["GET"]}}],"collection":[{"href":"https:\/\/linitiative.ca\/International\/wp-json\/wp\/v2\/posts"}],"about":[{"href":"https:\/\/linitiative.ca\/International\/wp-json\/wp\/v2\/types\/post"}],"author":[{"embeddable":true,"href":"https:\/\/linitiative.ca\/International\/wp-json\/wp\/v2\/users\/1760"}],"replies":[{"embeddable":true,"href":"https:\/\/linitiative.ca\/International\/wp-json\/wp\/v2\/comments?post=108851"}],"version-history":[{"count":0,"href":"https:\/\/linitiative.ca\/International\/wp-json\/wp\/v2\/posts\/108851\/revisions"}],"wp:attachment":[{"href":"https:\/\/linitiative.ca\/International\/wp-json\/wp\/v2\/media?parent=108851"}],"wp:term":[{"taxonomy":"category","embeddable":true,"href":"https:\/\/linitiative.ca\/International\/wp-json\/wp\/v2\/categories?post=108851"},{"taxonomy":"post_tag","embeddable":true,"href":"https:\/\/linitiative.ca\/International\/wp-json\/wp\/v2\/tags?post=108851"}],"curies":[{"name":"wp","href":"https:\/\/api.w.org\/{rel}","templated":true}]}}