{"id":108852,"date":"2021-01-07T09:56:41","date_gmt":"2021-01-07T14:56:41","guid":{"rendered":"https:\/\/linitiative.ca\/International\/lancement-dune-plateforme-e-commerce-dediee-aux-professionnels-de-lartisanat\/"},"modified":"2021-01-07T09:56:41","modified_gmt":"2021-01-07T14:56:41","slug":"lancement-dune-plateforme-e-commerce-dediee-aux-professionnels-de-lartisanat","status":"publish","type":"post","link":"https:\/\/linitiative.ca\/International\/lancement-dune-plateforme-e-commerce-dediee-aux-professionnels-de-lartisanat\/","title":{"rendered":"Lancement d\u2019une plateforme e-commerce d\u00e9di\u00e9e aux professionnels de l\u2019artisanat"},"content":{"rendered":"<p class=\"c2\"><strong>Association marocaine de la communaut\u00e9 achats<\/strong><\/p>\n<p><strong>Une plateforme e-commerce (www.maison-artisanat.com) d\u00e9di\u00e9e \u00e0 la promotion et \u00e0 la commercialisation des produits d\u2019artisanat a \u00e9t\u00e9 lanc\u00e9e, dimanche dernier \u00e0 la Maison d\u2019artisan d\u2019Azemmour, \u00e0 l\u2019initiative de l\u2019Association marocaine de la communaut\u00e9 achats (AMCA).<\/strong><\/p>\n<p>Cette plateforme est le fruit d\u2019un partenariat entre le Comit\u00e9 r\u00e9gional de d\u00e9veloppement humain repr\u00e9sent\u00e9 par le gouverneur de la province d\u2019El Jadida, la direction provinciale de l\u2019artisanat, l\u2019AMCA et l\u2019association \u201cMaan Azemmour\u201d, pr\u00e9cise un communiqu\u00e9 de l\u2019AMCA.<\/p>\n<p>Ce site e-commerce a pour objectif de promouvoir, commercialiser et distribuer les produits des artisans b\u00e9n\u00e9ficiaires des projets de l\u2019Initiative nationale pour le d\u00e9veloppement humain (INDH) dans la r\u00e9gion d\u2019El Jadida, fait savoir la m\u00eame source,<\/p>\n<p>Le coup d\u2019envoi de cette plateforme a \u00e9t\u00e9 donn\u00e9 lors d\u2019une c\u00e9r\u00e9monie \u00e0 laquelle ont pris part la vice-pr\u00e9sidente de l\u2019AMCA, Nadia Khamsine, et le pr\u00e9sident du comit\u00e9 partenariat, Samir Khayati, qui se sont f\u00e9licit\u00e9s, \u00e0 cette occasion, des efforts d\u00e9ploy\u00e9s pour la mise en place de cette plateforme num\u00e9rique. Ils ont \u00e9galement mis en avant le r\u00f4le de l\u2019association en tant que partenaire important garantissant la continuit\u00e9 de ce projet \u00e0 vocation sociale.<\/p>\n<p>En vertu de l\u2019accord de partenariat, l\u2019AMCA s\u2019engage notamment \u00e0 d\u00e9poser toutes les annonces et publicit\u00e9s relatives aux produits de l\u2019artisanat, pr\u00e9sent\u00e9s par le comit\u00e9 de suivi et d\u2019\u00e9valuation de ce projet, au sein du forum des membres de l\u2019AMCA, outre la promotion de toutes les nouveaut\u00e9s des artisans \u00e0 des prix pr\u00e9f\u00e9rentiels en faveur des adh\u00e9rents.<\/p>\n<p>Il s\u2019agit aussi de r\u00e9server un espace pour l\u2019affichage num\u00e9rique des produits des artisans b\u00e9n\u00e9ficiaires des projets de l\u2019INDH dans la province d\u2019El Jadida et ce, dans le cadre du Salon annuel organis\u00e9 par l\u2019association.<\/p>\n<p>L\u2019AMCA s\u2019engage \u00e9galement \u00e0 permettre aux artisans de participer \u00e0 des ateliers shopping organis\u00e9s par l\u2019association, tout en leur offrant des formations personnalis\u00e9es.<\/p>\n<p>Auteur: M&rsquo;hammed rahal<br \/>\n<a href=\"http:\/\/albayane.press.ma\/lancement-dune-plateforme-e-commerce-dediee-aux-professionnels-de-lartisanat.html\">Cliquez ici pour lire l&rsquo;article depuis sa source.<\/a><\/p>\n","protected":false},"excerpt":{"rendered":"<p>Association marocaine de la communaut\u00e9 achats Une plateforme e-commerce (www.maison-artisanat.com) d\u00e9di\u00e9e \u00e0 la promotion et \u00e0 la commercialisation des produits d\u2019artisanat a \u00e9t\u00e9 lanc\u00e9e, dimanche dernier \u00e0 la Maison d\u2019artisan d\u2019Azemmour, \u00e0 l\u2019initiative de l\u2019Association marocaine de la communaut\u00e9 achats (AMCA). Cette plateforme est le fruit d\u2019un partenariat entre le Comit\u00e9 r\u00e9gional de d\u00e9veloppement humain [&hellip;]<\/p>\n","protected":false},"author":1760,"featured_media":0,"comment_status":"closed","ping_status":"closed","sticky":false,"template":"","format":"standard","meta":{"fifu_image_url":"","fifu_image_alt":"","footnotes":""},"categories":[73,54],"tags":[],"class_list":["post-108852","post","type-post","status-publish","format-standard","hentry","category-actualite","category-maroc"],"_links":{"self":[{"href":"https:\/\/linitiative.ca\/International\/wp-json\/wp\/v2\/posts\/108852","targetHints":{"allow":["GET"]}}],"collection":[{"href":"https:\/\/linitiative.ca\/International\/wp-json\/wp\/v2\/posts"}],"about":[{"href":"https:\/\/linitiative.ca\/International\/wp-json\/wp\/v2\/types\/post"}],"author":[{"embeddable":true,"href":"https:\/\/linitiative.ca\/International\/wp-json\/wp\/v2\/users\/1760"}],"replies":[{"embeddable":true,"href":"https:\/\/linitiative.ca\/International\/wp-json\/wp\/v2\/comments?post=108852"}],"version-history":[{"count":0,"href":"https:\/\/linitiative.ca\/International\/wp-json\/wp\/v2\/posts\/108852\/revisions"}],"wp:attachment":[{"href":"https:\/\/linitiative.ca\/International\/wp-json\/wp\/v2\/media?parent=108852"}],"wp:term":[{"taxonomy":"category","embeddable":true,"href":"https:\/\/linitiative.ca\/International\/wp-json\/wp\/v2\/categories?post=108852"},{"taxonomy":"post_tag","embeddable":true,"href":"https:\/\/linitiative.ca\/International\/wp-json\/wp\/v2\/tags?post=108852"}],"curies":[{"name":"wp","href":"https:\/\/api.w.org\/{rel}","templated":true}]}}