{"id":108855,"date":"2021-01-07T07:32:53","date_gmt":"2021-01-07T12:32:53","guid":{"rendered":"https:\/\/linitiative.ca\/International\/utap-la-privation-des-embarcations-non-equipees-dun-vms-des-services-portuaires-est-une-mesure-abusive\/"},"modified":"2021-01-07T07:32:53","modified_gmt":"2021-01-07T12:32:53","slug":"utap-la-privation-des-embarcations-non-equipees-dun-vms-des-services-portuaires-est-une-mesure-abusive","status":"publish","type":"post","link":"https:\/\/linitiative.ca\/International\/utap-la-privation-des-embarcations-non-equipees-dun-vms-des-services-portuaires-est-une-mesure-abusive\/","title":{"rendered":"UTAP : \u00ab La privation des embarcations non \u00e9quip\u00e9es d\u2019un VMS des services portuaires est une mesure abusive \u00bb"},"content":{"rendered":"<h2>L\u2019<a href=\"http:\/\/www.utap.org.tn\/language\/fr\/\" target=\"_blank\" rel=\"noopener noreferrer\">Union Tunisienne de l\u2019Agriculture et de la P\u00eache<\/a>\u00a0(UTAP) a appel\u00e9, mercredi, l\u2019autorit\u00e9 de tutelle \u00e0 abroger la mesure relative \u00e0 la privation des embarcations, qui ne sont pas \u00e9quip\u00e9es d\u2019un syst\u00e8me de surveillance par satellite (VMS),\u00a0\u00a0des services portuaires et administratifs.<\/h2>\n<p>L\u2019UTAP consid\u00e8re que le recours d\u00e9lib\u00e9r\u00e9 \u00e0 cette mesure est abusif. Il est de nature \u00e0 saper les droits et les int\u00e9r\u00eats des p\u00eacheurs . Lit-on dans un communiqu\u00e9 rendu public aujourd\u2019hui par l\u2019organisation.\u00a0 C\u2019est pour cette raison que l\u2019UTAP a exhort\u00e9 le minist\u00e8re\u00a0 \u00e0 g\u00e9n\u00e9raliser la prime de l\u2019approvisionnement en carburants subventionn\u00e9s de 5%.\u00a0 Et \u00e0 r\u00e9viser \u00e0 la baisse le co\u00fbt d\u2019exploitation du syst\u00e8me VMS. Et ce\u00a0 de mani\u00e8re \u00e0 ce qu\u2019il puisse prendre en consid\u00e9ration les sp\u00e9cificit\u00e9s du secteur.<\/p>\n<p>Elle a, \u00e9galement, mis l\u2019accent sur la n\u00e9cessit\u00e9 de revoir les crit\u00e8res d\u2019approvisionnement en carburants. Et ce\u00a0 en veillant \u00e0 ne pas tenir compte de la quantit\u00e9 accord\u00e9e. Ainsi que du nombre de jours de sortie en mer.<\/p>\n<p>D\u2019autre part, l\u2019organisation a estim\u00e9 que le r\u00e8glement des frais d\u2019exploitation du VMS doit \u00eatre effectu\u00e9 directement avec l\u2019Agence Nationale des Fr\u00e9quences. Par ailleurs, l\u2019UTAP a \u00e9voqu\u00e9 le recours \u00e0 d\u2019\u00e9ventuelles formes de protestation si jamais ces revendications qu\u2019elle a qualifi\u00e9es de \u00ab l\u00e9gitimes \u00bb ne sont pas satisfaites.<\/p>\n<p>En mai dernier, le minist\u00e8re de tutelle avait annonc\u00e9 qu\u2019il suspendra\u00a0 les licences de p\u00eache pour les embarcations en violation du syst\u00e8me de surveillance par satellite (VMS). Et ce jusqu\u2019\u00e0 la r\u00e9gularisation de leurs situations. Le minist\u00e8re privera les embarcations en question\u00a0 de tous les services portuaires. Notamment l\u2019octroi de la prime de gasoil subventionn\u00e9 et la participation aux saisons de\u00a0<a href=\"http:\/\/www.leconomistemaghrebin.com\/2021\/01\/04\/peche-balance-commerciale-enregistre-excedent-2026-md-fin-novembre-2020\/\" target=\"_blank\" rel=\"noopener noreferrer\">p\u00eache<\/a>\u00a0exceptionnelles.<\/p>\n<p>Avec TAP<\/p>\n<div class=\"wp-post-author-wrap wp-post-author-shortcode left\">\n<h3 class=\"awpa-title\"\/>\n<div class=\"wp-post-author\">\n<div class=\"awpa-img awpa-author-block square\"><a href=\"http:\/\/lexpertjournal.net\/fr\/?author=5\"><img loading=\"lazy\" decoding=\"async\" alt=\"\" src=\"http:\/\/0.gravatar.com\/avatar\/97f8e10a1c1125ba104a76514ee07b16?s=150&amp;d=mm&amp;r=g\" srcset=\"http:\/\/0.gravatar.com\/avatar\/97f8e10a1c1125ba104a76514ee07b16?s=300&amp;d=mm&amp;r=g 2x\" class=\"avatar avatar-150 photo\" height=\"150\" width=\"150\"\/><\/a><\/div>\n<\/div>\n<\/div>\n<aside class=\"mashsb-container mashsb-main mashsb-stretched\">\n<\/aside>\n<p>Auteur: L&rsquo;expert<br \/>\n<a href=\"http:\/\/lexpertjournal.net\/fr\/?p=18011\">Cliquez ici pour lire l&rsquo;article depuis sa source.<\/a><\/p>\n","protected":false},"excerpt":{"rendered":"<p>L\u2019Union Tunisienne de l\u2019Agriculture et de la P\u00eache\u00a0(UTAP) a appel\u00e9, mercredi, l\u2019autorit\u00e9 de tutelle \u00e0 abroger la mesure relative \u00e0 la privation des embarcations, qui ne sont pas \u00e9quip\u00e9es d\u2019un syst\u00e8me de surveillance par satellite (VMS),\u00a0\u00a0des services portuaires et administratifs. L\u2019UTAP consid\u00e8re que le recours d\u00e9lib\u00e9r\u00e9 \u00e0 cette mesure est abusif. Il est de nature [&hellip;]<\/p>\n","protected":false},"author":1775,"featured_media":0,"comment_status":"closed","ping_status":"closed","sticky":false,"template":"","format":"standard","meta":{"fifu_image_url":"http:\/\/0.gravatar.com\/avatar\/97f8e10a1c1125ba104a76514ee07b16?s=150&d=mm&r=g","fifu_image_alt":"UTAP : \u00ab La privation des embarcations non \u00e9quip\u00e9es d\u2019un VMS des services portuaires est une mesure abusive \u00bb","footnotes":""},"categories":[78,55],"tags":[],"class_list":["post-108855","post","type-post","status-publish","format-standard","hentry","category-economie","category-tunisie"],"_links":{"self":[{"href":"https:\/\/linitiative.ca\/International\/wp-json\/wp\/v2\/posts\/108855","targetHints":{"allow":["GET"]}}],"collection":[{"href":"https:\/\/linitiative.ca\/International\/wp-json\/wp\/v2\/posts"}],"about":[{"href":"https:\/\/linitiative.ca\/International\/wp-json\/wp\/v2\/types\/post"}],"author":[{"embeddable":true,"href":"https:\/\/linitiative.ca\/International\/wp-json\/wp\/v2\/users\/1775"}],"replies":[{"embeddable":true,"href":"https:\/\/linitiative.ca\/International\/wp-json\/wp\/v2\/comments?post=108855"}],"version-history":[{"count":0,"href":"https:\/\/linitiative.ca\/International\/wp-json\/wp\/v2\/posts\/108855\/revisions"}],"wp:attachment":[{"href":"https:\/\/linitiative.ca\/International\/wp-json\/wp\/v2\/media?parent=108855"}],"wp:term":[{"taxonomy":"category","embeddable":true,"href":"https:\/\/linitiative.ca\/International\/wp-json\/wp\/v2\/categories?post=108855"},{"taxonomy":"post_tag","embeddable":true,"href":"https:\/\/linitiative.ca\/International\/wp-json\/wp\/v2\/tags?post=108855"}],"curies":[{"name":"wp","href":"https:\/\/api.w.org\/{rel}","templated":true}]}}