{"id":108860,"date":"2021-01-07T08:14:22","date_gmt":"2021-01-07T13:14:22","guid":{"rendered":"https:\/\/linitiative.ca\/International\/exposition-solidaire-dartisanat-pour-la-promotion-du-produit-local\/"},"modified":"2021-01-07T08:14:22","modified_gmt":"2021-01-07T13:14:22","slug":"exposition-solidaire-dartisanat-pour-la-promotion-du-produit-local","status":"publish","type":"post","link":"https:\/\/linitiative.ca\/International\/exposition-solidaire-dartisanat-pour-la-promotion-du-produit-local\/","title":{"rendered":"Exposition solidaire d\u2019artisanat pour la promotion du produit local"},"content":{"rendered":"<div readability=\"36\">\n<p>Essaouira \u2013 Une exposition solidaire d\u2019artisanat est organis\u00e9e, actuellement \u00e0 Essaouira, en vue de favoriser la promotion et la mise en valeur du produit local et de soutenir un grand nombre de femmes artisanes et de coop\u00e9ratives pour la commercialisation de leurs productions.<\/p>\n<\/div>\n<div readability=\"101\">\n<p>Initi\u00e9e par l\u2019Association f\u00e9minine \u00ab\u00a0El Khir\u00a0\u00bb, cette exposition, qui se poursuit jusqu\u2019au 10 janvier dans le strict respect des mesures pr\u00e9ventives en vigueur pour endiguer la propagation de la pand\u00e9mie de la Covid-19, ambitionne de mieux faire d\u00e9couvrir un large \u00e9ventail de produits du terroir (tapisserie, tissage, produits en raphia, marqueterie artisanale en bois de thuya, bijouterie, produits \u00e0 base d\u2019huile d\u2019argan\u2026) aux habitants et aux visiteurs de la Cit\u00e9 des Aliz\u00e9s parmi les acheteurs potentiels.<\/p>\n<p>Elle se veut aussi un espace propice, malgr\u00e9 cette conjoncture marqu\u00e9e par une crise sanitaire sans pr\u00e9c\u00e9dent, pour mettre en \u00e9vidence le savoir-faire de ces \u00ab\u00a0m\u00e2almates\u00a0\u00bb souiries, qui continuent d\u2019exceller chacune dans son domaine de pr\u00e9dilection mais qui, malheureusement, ne disposent pas des moyens suffisants et trouvent des difficult\u00e9s pour la commercialisation de leurs produits traditionnels et authentiques.<\/p>\n<p>Dans une d\u00e9claration \u00e0 la MAP \u00e0 cette occasion, la coordinatrice des projets \u00e0 l\u2019Association f\u00e9minine \u00ab\u00a0El Khir\u00a0\u00bb, Mme Souad Dibi, a indiqu\u00e9 que cette exposition (du 15 d\u00e9cembre dernier au 10 janvier) a pour principale finalit\u00e9 de promouvoir et de mettre en valeur la qualit\u00e9 et la riche diversit\u00e9 des cr\u00e9ations artisanales des femmes d\u2019Essaouira, ainsi que d\u2019encourager les coop\u00e9ratives locales, dont les activit\u00e9s ont \u00e9t\u00e9 lourdement affect\u00e9es par les effets n\u00e9gatifs de cette crise induite par la propagation de la Covid-19.<\/p>\n<p>Dans ce sens, elle a fait remarquer qu\u2019un grand nombre de femmes artisanes et de coop\u00e9ratives demeurent confront\u00e9es \u00e0 d\u2019\u00e9normes difficult\u00e9s, notamment mat\u00e9rielles, en cette conjoncture actuelle pour la vente de leurs produits, sachant que la plupart d\u2019entre elles ont d\u00fb stopper leurs activit\u00e9s en raison de l\u2019absence d\u2019\u00e9ventuels acheteurs, notamment parmi les tr\u00e8s nombreux touristes qui visitaient la ville d\u2019Essaouira et sa r\u00e9gion.<\/p>\n<p>Mme Dibi a expliqu\u00e9 que cette exposition solidaire repr\u00e9sente, de ce fait, une opportunit\u00e9 idoine \u00e0 m\u00eame de r\u00e9unir les conditions appropri\u00e9es au profit de ces femmes et de ces coop\u00e9ratives afin de redynamiser la commercialisation de leurs produits d\u2019artisanat \u00e0 l\u2019\u00e9chelle locale.<\/p>\n<p>Cet \u00e9v\u00e9nement, a-t-elle ajout\u00e9, s\u2019inscrit dans le cadre de l\u2019int\u00e9r\u00eat port\u00e9 par l\u2019Association f\u00e9minine \u00ab\u00a0El Khir\u00a0\u00bb pour la promotion, la revalorisation et la revivification des m\u00e9tiers traditionnels \u00e0 caract\u00e8re artistique et culturel dans la province d\u2019Essaouira qui refl\u00e8tent, dans leur globalit\u00e9, le riche h\u00e9ritage artisanal local.<\/p>\n<p>Et la responsable de relever, en conclusion, que l\u2019Association oeuvre, \u00e0 travers cette manifestation, \u00e0 encourager ces femmes artisanes souiries \u00e0 sauvegarder ce patrimoine artisanal s\u00e9culaire et authentique, propre \u00e0 la province d\u2019Essaouira, tout en les aidant \u00e0 assurer le maintien et la continuit\u00e9 de leurs activit\u00e9s g\u00e9n\u00e9ratrices de revenus stables, surtout dans ce contexte sanitaire tr\u00e8s particulier.<\/p>\n<\/div>\n<p>Auteur: Meriem IGASS<br \/>\n<a href=\"http:\/\/www.mapmarrakech.ma\/fr\/exposition-solidaire-dartisanat-pour-la-promotion-du-produit-local\/\">Cliquez ici pour lire l&rsquo;article depuis sa source.<\/a><\/p>\n","protected":false},"excerpt":{"rendered":"<p>Essaouira \u2013 Une exposition solidaire d\u2019artisanat est organis\u00e9e, actuellement \u00e0 Essaouira, en vue de favoriser la promotion et la mise en valeur du produit local et de soutenir un grand nombre de femmes artisanes et de coop\u00e9ratives pour la commercialisation de leurs productions. Initi\u00e9e par l\u2019Association f\u00e9minine \u00ab\u00a0El Khir\u00a0\u00bb, cette exposition, qui se poursuit jusqu\u2019au [&hellip;]<\/p>\n","protected":false},"author":1788,"featured_media":0,"comment_status":"closed","ping_status":"closed","sticky":false,"template":"","format":"standard","meta":{"fifu_image_url":"","fifu_image_alt":"","footnotes":""},"categories":[54,76],"tags":[],"class_list":["post-108860","post","type-post","status-publish","format-standard","hentry","category-maroc","category-regions"],"_links":{"self":[{"href":"https:\/\/linitiative.ca\/International\/wp-json\/wp\/v2\/posts\/108860","targetHints":{"allow":["GET"]}}],"collection":[{"href":"https:\/\/linitiative.ca\/International\/wp-json\/wp\/v2\/posts"}],"about":[{"href":"https:\/\/linitiative.ca\/International\/wp-json\/wp\/v2\/types\/post"}],"author":[{"embeddable":true,"href":"https:\/\/linitiative.ca\/International\/wp-json\/wp\/v2\/users\/1788"}],"replies":[{"embeddable":true,"href":"https:\/\/linitiative.ca\/International\/wp-json\/wp\/v2\/comments?post=108860"}],"version-history":[{"count":0,"href":"https:\/\/linitiative.ca\/International\/wp-json\/wp\/v2\/posts\/108860\/revisions"}],"wp:attachment":[{"href":"https:\/\/linitiative.ca\/International\/wp-json\/wp\/v2\/media?parent=108860"}],"wp:term":[{"taxonomy":"category","embeddable":true,"href":"https:\/\/linitiative.ca\/International\/wp-json\/wp\/v2\/categories?post=108860"},{"taxonomy":"post_tag","embeddable":true,"href":"https:\/\/linitiative.ca\/International\/wp-json\/wp\/v2\/tags?post=108860"}],"curies":[{"name":"wp","href":"https:\/\/api.w.org\/{rel}","templated":true}]}}